{"id":8421,"date":"2020-12-17T15:23:54","date_gmt":"2020-12-17T15:23:54","guid":{"rendered":"https:\/\/www.breizhfab.bzh\/?p=8421"},"modified":"2022-01-26T13:39:43","modified_gmt":"2022-01-26T13:39:43","slug":"la-grande-exposition-du-fabrique-en-france-2021","status":"publish","type":"post","link":"https:\/\/www.breizhfab.bzh\/la-grande-exposition-du-fabrique-en-france-2021\/","title":{"rendered":"La Grande Exposition du Fabriqu\u00e9 en France"},"content":{"rendered":"<div class=\"intro\">\n<h2><span class=\"txt--primary\">&#8230;De retour en 2021 pour une 2<sup>e<\/sup> \u00e9dition !<\/span><\/h2>\n<p>Le Pr\u00e9sident de la R\u00e9publique a souhait\u00e9 que soit organis\u00e9e au Palais de l\u2019\u00c9lys\u00e9e une deuxi\u00e8me \u00e9dition de la Grande Exposition du Fabriqu\u00e9 en France au printemps prochain.<\/p>\n<\/div>\n<p>Cet \u00e9v\u00e9nement avait accueilli en janvier 2020 des entreprises de chaque d\u00e9partement du pays. Pr\u00e8s de 10 000 Fran\u00e7ais avaient pu <strong>d\u00e9couvrir \u00e0 cette occasion la richesse des territoires, les savoir-faire de nos entrepreneurs, artisans, ing\u00e9nieurs, agriculteurs&#8230;<\/strong><\/p>\n<p>&nbsp;<\/p>\n<div class=\"intro\">\n<p><img decoding=\"async\" class=\"aligncenter wp-image-8425 size-full\" src=\"https:\/\/www.breizhfab.bzh\/voy_content\/uploads\/2020\/12\/Elysee-Presidence-De-La-Republique.jpg\" alt=\"\" width=\"550\" height=\"343\" srcset=\"https:\/\/www.breizhfab.bzh\/voy_content\/uploads\/2020\/12\/Elysee-Presidence-De-La-Republique.jpg 550w, https:\/\/www.breizhfab.bzh\/voy_content\/uploads\/2020\/12\/Elysee-Presidence-De-La-Republique-300x187.jpg 300w, https:\/\/www.breizhfab.bzh\/voy_content\/uploads\/2020\/12\/Elysee-Presidence-De-La-Republique-60x37.jpg 60w, https:\/\/www.breizhfab.bzh\/voy_content\/uploads\/2020\/12\/Elysee-Presidence-De-La-Republique-100x62.jpg 100w, https:\/\/www.breizhfab.bzh\/voy_content\/uploads\/2020\/12\/Elysee-Presidence-De-La-Republique-120x75.jpg 120w, https:\/\/www.breizhfab.bzh\/voy_content\/uploads\/2020\/12\/Elysee-Presidence-De-La-Republique-150x94.jpg 150w, https:\/\/www.breizhfab.bzh\/voy_content\/uploads\/2020\/12\/Elysee-Presidence-De-La-Republique-190x118.jpg 190w\" sizes=\"(max-width: 550px) 100vw, 550px\" \/><\/p>\n<p>&nbsp;<\/p>\n<\/div>\n<p>Pour cette nouvelle \u00e9dition, <strong>chaque d\u00e9partement de m\u00e9tropole et d\u2019outre-mer sera repr\u00e9sent\u00e9 par un produit fabriqu\u00e9 en France<\/strong>. Ce sont donc 106 produits d\u2019entreprises fran\u00e7aises qui seront expos\u00e9s au Palais de l\u2019\u00c9lys\u00e9e.<\/p>\n<p><strong>Quelle que soit la taille<\/strong> (TPE, start-up, PME\/ETI, grands groupes) <strong>et le secteur d\u2019activit\u00e9 \u00e9conomique<\/strong>, de l\u2019artisanat \u00e0 l\u2019innovation industrielle de pointe, toute entreprise dont le produit r\u00e9pond aux crit\u00e8res du \u00ab <span class=\"txt--primary\"><strong>Fabriqu\u00e9 en France<\/strong><\/span> \u00bb est \u00e9ligible. L\u2019engagement en faveur de la transition \u00e9cologique, les efforts de relocalisation ainsi que les investissements li\u00e9s \u00e0 la relance seront aussi valoris\u00e9s.<\/p>\n<p>Pour participer, c\u2019est simple, il suffit de d\u00e9poser sa candidature via un formulaire accessible <strong>jusqu\u2019au 15 janvier 2021<\/strong> sur le site <a href=\"https:\/\/www.elysee.fr\/emmanuel-macron\/2020\/12\/16\/grande-exposition-du-fabrique-en-france-2021\">elysee.fr<\/a><\/p>\n<h3 style=\"text-align: center;\"><a class=\"bt--secondary bt\" href=\"https:\/\/www.economie.gouv.fr\/fabrique-en-france-2021\" target=\"_blank\" rel=\"noopener noreferrer\">JE PARTICIPE !<\/a><\/h3>\n<h3><span class=\"txt--secondary\"><strong>ET ENSUITE ?<\/strong><\/span><\/h3>\n<p>Un comit\u00e9 de s\u00e9lection co-pilot\u00e9 par la ministre d\u00e9l\u00e9gu\u00e9e \u00e0 l\u2019Industrie Agn\u00e8s PANNIER-RUNACHER et le ministre d\u00e9l\u00e9gu\u00e9 aux PME Alain GRISET, et compos\u00e9 de 10 personnalit\u00e9s reconnues pour leur engagement en faveur du Fabriqu\u00e9 en France, se r\u00e9unira d\u00e9but 2021. Il aura pour mission de retenir une seule entreprise embl\u00e9matique par d\u00e9partement et sera attentif \u00e0 la repr\u00e9sentativit\u00e9 des diff\u00e9rents secteurs d\u2019activit\u00e9. La s\u00e9lection s\u2019attachera \u00e0 valoriser les Territoires d\u2019industrie, les labels et les champions de l\u2019export. Il s\u2019appuiera sur l\u2019avis des Pr\u00e9fets, des chambres consulaires et des relais \u00e9conomiques locaux.<\/p>\n<p>Les dates de cette exposition au Palais de l\u2019\u00c9lys\u00e9e seront communiqu\u00e9es au printemps, lorsque la situation sanitaire permettra son organisation. L\u2019exposition sera gratuite et ouverte au public sur inscription.<\/p>\n<p>Toutes les informations pratiques seront communiqu\u00e9es en d\u00e9but d\u2019ann\u00e9e prochaine.<\/p>\n<p style=\"text-align: center;\"><a class=\"bt--small bt\" href=\"https:\/\/www.elysee.fr\/emmanuel-macron\/2020\/12\/16\/grande-exposition-du-fabrique-en-france-2021\" target=\"_blank\" rel=\"noopener noreferrer\">EN SAVOIR PLUS<\/a><\/p>\n<div class=\"intro\"><\/div>\n","protected":false},"excerpt":{"rendered":"<p>&#8230;De retour en 2021 pour une 2e \u00e9dition ! Le Pr\u00e9sident de la R\u00e9publique a souhait\u00e9 que soit organis\u00e9e au Palais de l\u2019\u00c9lys\u00e9e une deuxi\u00e8me \u00e9dition de la Grande Exposition du Fabriqu\u00e9 en France au printemps prochain. Cet \u00e9v\u00e9nement avait accueilli en janvier 2020 des entreprises de chaque d\u00e9partement du pays. Pr\u00e8s de 10 000 [&hellip;]<\/p>\n","protected":false},"author":9,"featured_media":8425,"comment_status":"open","ping_status":"open","sticky":false,"template":"","format":"standard","meta":{"_acf_changed":false,"footnotes":""},"categories":[2],"tags":[46,47],"class_list":["post-8421","post","type-post","status-publish","format-standard","has-post-thumbnail","hentry","category-actualite","tag-cdib","tag-prospective"],"acf":[],"yoast_head":"<!-- This site is optimized with the Yoast SEO plugin v27.0 - https:\/\/yoast.com\/product\/yoast-seo-wordpress\/ -->\n<title>La Grande Exposition du Fabriqu\u00e9 en France - BREIZH FAB<\/title>\n<meta name=\"robots\" content=\"index, follow, max-snippet:-1, max-image-preview:large, max-video-preview:-1\" \/>\n<link rel=\"canonical\" href=\"https:\/\/www.breizhfab.bzh\/la-grande-exposition-du-fabrique-en-france-2021\/\" \/>\n<meta property=\"og:locale\" content=\"fr_FR\" \/>\n<meta property=\"og:type\" content=\"article\" \/>\n<meta property=\"og:title\" content=\"La Grande Exposition du Fabriqu\u00e9 en France - BREIZH FAB\" \/>\n<meta property=\"og:description\" content=\"&#8230;De retour en 2021 pour une 2e \u00e9dition ! Le Pr\u00e9sident de la R\u00e9publique a souhait\u00e9 que soit organis\u00e9e au Palais de l\u2019\u00c9lys\u00e9e une deuxi\u00e8me \u00e9dition de la Grande Exposition du Fabriqu\u00e9 en France au printemps prochain. Cet \u00e9v\u00e9nement avait accueilli en janvier 2020 des entreprises de chaque d\u00e9partement du pays. Pr\u00e8s de 10 000 [&hellip;]\" \/>\n<meta property=\"og:url\" content=\"https:\/\/www.breizhfab.bzh\/la-grande-exposition-du-fabrique-en-france-2021\/\" \/>\n<meta property=\"og:site_name\" content=\"BREIZH FAB\" \/>\n<meta property=\"article:published_time\" content=\"2020-12-17T15:23:54+00:00\" \/>\n<meta property=\"article:modified_time\" content=\"2022-01-26T13:39:43+00:00\" \/>\n<meta property=\"og:image\" content=\"https:\/\/www.breizhfab.bzh\/voy_content\/uploads\/2020\/12\/Elysee-Presidence-De-La-Republique.jpg\" \/>\n\t<meta property=\"og:image:width\" content=\"550\" \/>\n\t<meta property=\"og:image:height\" content=\"343\" \/>\n\t<meta property=\"og:image:type\" content=\"image\/jpeg\" \/>\n<meta name=\"author\" content=\"Sylvain Gourlaouen\" \/>\n<meta name=\"twitter:card\" content=\"summary_large_image\" \/>\n<meta name=\"twitter:label1\" content=\"\u00c9crit par\" \/>\n\t<meta name=\"twitter:data1\" content=\"Sylvain Gourlaouen\" \/>\n\t<meta name=\"twitter:label2\" content=\"Dur\u00e9e de lecture estim\u00e9e\" \/>\n\t<meta name=\"twitter:data2\" content=\"2 minutes\" \/>\n<script type=\"application\/ld+json\" class=\"yoast-schema-graph\">{\"@context\":\"https:\/\/schema.org\",\"@graph\":[{\"@type\":\"Article\",\"@id\":\"https:\/\/www.breizhfab.bzh\/la-grande-exposition-du-fabrique-en-france-2021\/#article\",\"isPartOf\":{\"@id\":\"https:\/\/www.breizhfab.bzh\/la-grande-exposition-du-fabrique-en-france-2021\/\"},\"author\":{\"name\":\"Sylvain Gourlaouen\",\"@id\":\"https:\/\/www.breizhfab.bzh\/#\/schema\/person\/17b058e480c959dccf51797b28fc0ce5\"},\"headline\":\"La Grande Exposition du Fabriqu\u00e9 en France\",\"datePublished\":\"2020-12-17T15:23:54+00:00\",\"dateModified\":\"2022-01-26T13:39:43+00:00\",\"mainEntityOfPage\":{\"@id\":\"https:\/\/www.breizhfab.bzh\/la-grande-exposition-du-fabrique-en-france-2021\/\"},\"wordCount\":381,\"commentCount\":0,\"image\":{\"@id\":\"https:\/\/www.breizhfab.bzh\/la-grande-exposition-du-fabrique-en-france-2021\/#primaryimage\"},\"thumbnailUrl\":\"https:\/\/www.breizhfab.bzh\/voy_content\/uploads\/2020\/12\/Elysee-Presidence-De-La-Republique.jpg\",\"keywords\":[\"cdib\",\"prospective\"],\"articleSection\":[\"Actualite\"],\"inLanguage\":\"fr-FR\",\"potentialAction\":[{\"@type\":\"CommentAction\",\"name\":\"Comment\",\"target\":[\"https:\/\/www.breizhfab.bzh\/la-grande-exposition-du-fabrique-en-france-2021\/#respond\"]}]},{\"@type\":\"WebPage\",\"@id\":\"https:\/\/www.breizhfab.bzh\/la-grande-exposition-du-fabrique-en-france-2021\/\",\"url\":\"https:\/\/www.breizhfab.bzh\/la-grande-exposition-du-fabrique-en-france-2021\/\",\"name\":\"La Grande Exposition du Fabriqu\u00e9 en France - BREIZH FAB\",\"isPartOf\":{\"@id\":\"https:\/\/www.breizhfab.bzh\/#website\"},\"primaryImageOfPage\":{\"@id\":\"https:\/\/www.breizhfab.bzh\/la-grande-exposition-du-fabrique-en-france-2021\/#primaryimage\"},\"image\":{\"@id\":\"https:\/\/www.breizhfab.bzh\/la-grande-exposition-du-fabrique-en-france-2021\/#primaryimage\"},\"thumbnailUrl\":\"https:\/\/www.breizhfab.bzh\/voy_content\/uploads\/2020\/12\/Elysee-Presidence-De-La-Republique.jpg\",\"datePublished\":\"2020-12-17T15:23:54+00:00\",\"dateModified\":\"2022-01-26T13:39:43+00:00\",\"author\":{\"@id\":\"https:\/\/www.breizhfab.bzh\/#\/schema\/person\/17b058e480c959dccf51797b28fc0ce5\"},\"breadcrumb\":{\"@id\":\"https:\/\/www.breizhfab.bzh\/la-grande-exposition-du-fabrique-en-france-2021\/#breadcrumb\"},\"inLanguage\":\"fr-FR\",\"potentialAction\":[{\"@type\":\"ReadAction\",\"target\":[\"https:\/\/www.breizhfab.bzh\/la-grande-exposition-du-fabrique-en-france-2021\/\"]}]},{\"@type\":\"ImageObject\",\"inLanguage\":\"fr-FR\",\"@id\":\"https:\/\/www.breizhfab.bzh\/la-grande-exposition-du-fabrique-en-france-2021\/#primaryimage\",\"url\":\"https:\/\/www.breizhfab.bzh\/voy_content\/uploads\/2020\/12\/Elysee-Presidence-De-La-Republique.jpg\",\"contentUrl\":\"https:\/\/www.breizhfab.bzh\/voy_content\/uploads\/2020\/12\/Elysee-Presidence-De-La-Republique.jpg\",\"width\":550,\"height\":343},{\"@type\":\"BreadcrumbList\",\"@id\":\"https:\/\/www.breizhfab.bzh\/la-grande-exposition-du-fabrique-en-france-2021\/#breadcrumb\",\"itemListElement\":[{\"@type\":\"ListItem\",\"position\":1,\"name\":\"Accueil\",\"item\":\"https:\/\/www.breizhfab.bzh\/\"},{\"@type\":\"ListItem\",\"position\":2,\"name\":\"La Grande Exposition du Fabriqu\u00e9 en France\"}]},{\"@type\":\"WebSite\",\"@id\":\"https:\/\/www.breizhfab.bzh\/#website\",\"url\":\"https:\/\/www.breizhfab.bzh\/\",\"name\":\"BREIZH FAB\",\"description\":\"Just another WordPress site\",\"potentialAction\":[{\"@type\":\"SearchAction\",\"target\":{\"@type\":\"EntryPoint\",\"urlTemplate\":\"https:\/\/www.breizhfab.bzh\/?s={search_term_string}\"},\"query-input\":{\"@type\":\"PropertyValueSpecification\",\"valueRequired\":true,\"valueName\":\"search_term_string\"}}],\"inLanguage\":\"fr-FR\"},{\"@type\":\"Person\",\"@id\":\"https:\/\/www.breizhfab.bzh\/#\/schema\/person\/17b058e480c959dccf51797b28fc0ce5\",\"name\":\"Sylvain Gourlaouen\",\"image\":{\"@type\":\"ImageObject\",\"inLanguage\":\"fr-FR\",\"@id\":\"https:\/\/www.breizhfab.bzh\/#\/schema\/person\/image\/\",\"url\":\"https:\/\/secure.gravatar.com\/avatar\/ed4dda3f3f4a603eee9c5b9a0ac459b3e6448e5f7daa45ccbc2a3459728c39f2?s=96&d=mm&r=g\",\"contentUrl\":\"https:\/\/secure.gravatar.com\/avatar\/ed4dda3f3f4a603eee9c5b9a0ac459b3e6448e5f7daa45ccbc2a3459728c39f2?s=96&d=mm&r=g\",\"caption\":\"Sylvain Gourlaouen\"},\"url\":\"https:\/\/www.breizhfab.bzh\/author\/sylvain-gourlaouen\/\"}]}<\/script>\n<!-- \/ Yoast SEO plugin. -->","yoast_head_json":{"title":"La Grande Exposition du Fabriqu\u00e9 en France - BREIZH FAB","robots":{"index":"index","follow":"follow","max-snippet":"max-snippet:-1","max-image-preview":"max-image-preview:large","max-video-preview":"max-video-preview:-1"},"canonical":"https:\/\/www.breizhfab.bzh\/la-grande-exposition-du-fabrique-en-france-2021\/","og_locale":"fr_FR","og_type":"article","og_title":"La Grande Exposition du Fabriqu\u00e9 en France - BREIZH FAB","og_description":"&#8230;De retour en 2021 pour une 2e \u00e9dition ! Le Pr\u00e9sident de la R\u00e9publique a souhait\u00e9 que soit organis\u00e9e au Palais de l\u2019\u00c9lys\u00e9e une deuxi\u00e8me \u00e9dition de la Grande Exposition du Fabriqu\u00e9 en France au printemps prochain. Cet \u00e9v\u00e9nement avait accueilli en janvier 2020 des entreprises de chaque d\u00e9partement du pays. Pr\u00e8s de 10 000 [&hellip;]","og_url":"https:\/\/www.breizhfab.bzh\/la-grande-exposition-du-fabrique-en-france-2021\/","og_site_name":"BREIZH FAB","article_published_time":"2020-12-17T15:23:54+00:00","article_modified_time":"2022-01-26T13:39:43+00:00","og_image":[{"width":550,"height":343,"url":"https:\/\/www.breizhfab.bzh\/voy_content\/uploads\/2020\/12\/Elysee-Presidence-De-La-Republique.jpg","type":"image\/jpeg"}],"author":"Sylvain Gourlaouen","twitter_card":"summary_large_image","twitter_misc":{"\u00c9crit par":"Sylvain Gourlaouen","Dur\u00e9e de lecture estim\u00e9e":"2 minutes"},"schema":{"@context":"https:\/\/schema.org","@graph":[{"@type":"Article","@id":"https:\/\/www.breizhfab.bzh\/la-grande-exposition-du-fabrique-en-france-2021\/#article","isPartOf":{"@id":"https:\/\/www.breizhfab.bzh\/la-grande-exposition-du-fabrique-en-france-2021\/"},"author":{"name":"Sylvain Gourlaouen","@id":"https:\/\/www.breizhfab.bzh\/#\/schema\/person\/17b058e480c959dccf51797b28fc0ce5"},"headline":"La Grande Exposition du Fabriqu\u00e9 en France","datePublished":"2020-12-17T15:23:54+00:00","dateModified":"2022-01-26T13:39:43+00:00","mainEntityOfPage":{"@id":"https:\/\/www.breizhfab.bzh\/la-grande-exposition-du-fabrique-en-france-2021\/"},"wordCount":381,"commentCount":0,"image":{"@id":"https:\/\/www.breizhfab.bzh\/la-grande-exposition-du-fabrique-en-france-2021\/#primaryimage"},"thumbnailUrl":"https:\/\/www.breizhfab.bzh\/voy_content\/uploads\/2020\/12\/Elysee-Presidence-De-La-Republique.jpg","keywords":["cdib","prospective"],"articleSection":["Actualite"],"inLanguage":"fr-FR","potentialAction":[{"@type":"CommentAction","name":"Comment","target":["https:\/\/www.breizhfab.bzh\/la-grande-exposition-du-fabrique-en-france-2021\/#respond"]}]},{"@type":"WebPage","@id":"https:\/\/www.breizhfab.bzh\/la-grande-exposition-du-fabrique-en-france-2021\/","url":"https:\/\/www.breizhfab.bzh\/la-grande-exposition-du-fabrique-en-france-2021\/","name":"La Grande Exposition du Fabriqu\u00e9 en France - BREIZH FAB","isPartOf":{"@id":"https:\/\/www.breizhfab.bzh\/#website"},"primaryImageOfPage":{"@id":"https:\/\/www.breizhfab.bzh\/la-grande-exposition-du-fabrique-en-france-2021\/#primaryimage"},"image":{"@id":"https:\/\/www.breizhfab.bzh\/la-grande-exposition-du-fabrique-en-france-2021\/#primaryimage"},"thumbnailUrl":"https:\/\/www.breizhfab.bzh\/voy_content\/uploads\/2020\/12\/Elysee-Presidence-De-La-Republique.jpg","datePublished":"2020-12-17T15:23:54+00:00","dateModified":"2022-01-26T13:39:43+00:00","author":{"@id":"https:\/\/www.breizhfab.bzh\/#\/schema\/person\/17b058e480c959dccf51797b28fc0ce5"},"breadcrumb":{"@id":"https:\/\/www.breizhfab.bzh\/la-grande-exposition-du-fabrique-en-france-2021\/#breadcrumb"},"inLanguage":"fr-FR","potentialAction":[{"@type":"ReadAction","target":["https:\/\/www.breizhfab.bzh\/la-grande-exposition-du-fabrique-en-france-2021\/"]}]},{"@type":"ImageObject","inLanguage":"fr-FR","@id":"https:\/\/www.breizhfab.bzh\/la-grande-exposition-du-fabrique-en-france-2021\/#primaryimage","url":"https:\/\/www.breizhfab.bzh\/voy_content\/uploads\/2020\/12\/Elysee-Presidence-De-La-Republique.jpg","contentUrl":"https:\/\/www.breizhfab.bzh\/voy_content\/uploads\/2020\/12\/Elysee-Presidence-De-La-Republique.jpg","width":550,"height":343},{"@type":"BreadcrumbList","@id":"https:\/\/www.breizhfab.bzh\/la-grande-exposition-du-fabrique-en-france-2021\/#breadcrumb","itemListElement":[{"@type":"ListItem","position":1,"name":"Accueil","item":"https:\/\/www.breizhfab.bzh\/"},{"@type":"ListItem","position":2,"name":"La Grande Exposition du Fabriqu\u00e9 en France"}]},{"@type":"WebSite","@id":"https:\/\/www.breizhfab.bzh\/#website","url":"https:\/\/www.breizhfab.bzh\/","name":"BREIZH FAB","description":"Just another WordPress site","potentialAction":[{"@type":"SearchAction","target":{"@type":"EntryPoint","urlTemplate":"https:\/\/www.breizhfab.bzh\/?s={search_term_string}"},"query-input":{"@type":"PropertyValueSpecification","valueRequired":true,"valueName":"search_term_string"}}],"inLanguage":"fr-FR"},{"@type":"Person","@id":"https:\/\/www.breizhfab.bzh\/#\/schema\/person\/17b058e480c959dccf51797b28fc0ce5","name":"Sylvain Gourlaouen","image":{"@type":"ImageObject","inLanguage":"fr-FR","@id":"https:\/\/www.breizhfab.bzh\/#\/schema\/person\/image\/","url":"https:\/\/secure.gravatar.com\/avatar\/ed4dda3f3f4a603eee9c5b9a0ac459b3e6448e5f7daa45ccbc2a3459728c39f2?s=96&d=mm&r=g","contentUrl":"https:\/\/secure.gravatar.com\/avatar\/ed4dda3f3f4a603eee9c5b9a0ac459b3e6448e5f7daa45ccbc2a3459728c39f2?s=96&d=mm&r=g","caption":"Sylvain Gourlaouen"},"url":"https:\/\/www.breizhfab.bzh\/author\/sylvain-gourlaouen\/"}]}},"_links":{"self":[{"href":"https:\/\/www.breizhfab.bzh\/voy_api\/wp\/v2\/posts\/8421","targetHints":{"allow":["GET"]}}],"collection":[{"href":"https:\/\/www.breizhfab.bzh\/voy_api\/wp\/v2\/posts"}],"about":[{"href":"https:\/\/www.breizhfab.bzh\/voy_api\/wp\/v2\/types\/post"}],"author":[{"embeddable":true,"href":"https:\/\/www.breizhfab.bzh\/voy_api\/wp\/v2\/users\/9"}],"replies":[{"embeddable":true,"href":"https:\/\/www.breizhfab.bzh\/voy_api\/wp\/v2\/comments?post=8421"}],"version-history":[{"count":12,"href":"https:\/\/www.breizhfab.bzh\/voy_api\/wp\/v2\/posts\/8421\/revisions"}],"predecessor-version":[{"id":10463,"href":"https:\/\/www.breizhfab.bzh\/voy_api\/wp\/v2\/posts\/8421\/revisions\/10463"}],"wp:featuredmedia":[{"embeddable":true,"href":"https:\/\/www.breizhfab.bzh\/voy_api\/wp\/v2\/media\/8425"}],"wp:attachment":[{"href":"https:\/\/www.breizhfab.bzh\/voy_api\/wp\/v2\/media?parent=8421"}],"wp:term":[{"taxonomy":"category","embeddable":true,"href":"https:\/\/www.breizhfab.bzh\/voy_api\/wp\/v2\/categories?post=8421"},{"taxonomy":"post_tag","embeddable":true,"href":"https:\/\/www.breizhfab.bzh\/voy_api\/wp\/v2\/tags?post=8421"}],"curies":[{"name":"wp","href":"https:\/\/api.w.org\/{rel}","templated":true}]}}