{"id":5403,"date":"2020-06-19T08:08:56","date_gmt":"2020-06-19T08:08:56","guid":{"rendered":"https:\/\/www.breizhfab.bzh\/?p=5403"},"modified":"2024-03-04T13:17:35","modified_gmt":"2024-03-04T13:17:35","slug":"deux-appels-a-projets-pour-une-industrie-du-futur","status":"publish","type":"post","link":"https:\/\/www.breizhfab.bzh\/deux-appels-a-projets-pour-une-industrie-du-futur\/","title":{"rendered":"Deux appels \u00e0 projets pour une industrie du futur"},"content":{"rendered":"<div class=\"intro\">\n<p>Pour aider les entreprises bretonnes \u00e0 rebondir dans le contexte actuel en acc\u00e9l\u00e9rant leurs \u00e9volutions, la R\u00e9gion lance deux appels \u00e0 projets \u00ab\u00a0industries du futur 2020\u00a0\u00bb.<\/p>\n<p>&nbsp;<\/p>\n<p><img decoding=\"async\" class=\"aligncenter wp-image-5447 size-large\" src=\"https:\/\/www.breizhfab.bzh\/voy_content\/uploads\/2020\/06\/AAP-720x440-RS-def-2-1024x273.jpg\" alt=\"Appel \u00e0 projets Industrie du Futur\" width=\"1024\" height=\"273\" srcset=\"https:\/\/www.breizhfab.bzh\/voy_content\/uploads\/2020\/06\/AAP-720x440-RS-def-2-1024x273.jpg 1024w, https:\/\/www.breizhfab.bzh\/voy_content\/uploads\/2020\/06\/AAP-720x440-RS-def-2-300x80.jpg 300w, https:\/\/www.breizhfab.bzh\/voy_content\/uploads\/2020\/06\/AAP-720x440-RS-def-2-768x205.jpg 768w, https:\/\/www.breizhfab.bzh\/voy_content\/uploads\/2020\/06\/AAP-720x440-RS-def-2-1536x410.jpg 1536w, https:\/\/www.breizhfab.bzh\/voy_content\/uploads\/2020\/06\/AAP-720x440-RS-def-2-2048x547.jpg 2048w, https:\/\/www.breizhfab.bzh\/voy_content\/uploads\/2020\/06\/AAP-720x440-RS-def-2-60x16.jpg 60w, https:\/\/www.breizhfab.bzh\/voy_content\/uploads\/2020\/06\/AAP-720x440-RS-def-2-100x27.jpg 100w, https:\/\/www.breizhfab.bzh\/voy_content\/uploads\/2020\/06\/AAP-720x440-RS-def-2-120x32.jpg 120w, https:\/\/www.breizhfab.bzh\/voy_content\/uploads\/2020\/06\/AAP-720x440-RS-def-2-150x40.jpg 150w, https:\/\/www.breizhfab.bzh\/voy_content\/uploads\/2020\/06\/AAP-720x440-RS-def-2-190x51.jpg 190w\" sizes=\"(max-width: 1024px) 100vw, 1024px\" \/><\/p>\n<\/div>\n","protected":false},"excerpt":{"rendered":"<p>Pour aider les entreprises bretonnes \u00e0 rebondir dans le contexte actuel en acc\u00e9l\u00e9rant leurs \u00e9volutions, la R\u00e9gion lance deux appels \u00e0 projets \u00ab\u00a0industries du futur 2020\u00a0\u00bb. &nbsp;<\/p>\n","protected":false},"author":9,"featured_media":5436,"comment_status":"open","ping_status":"open","sticky":false,"template":"","format":"standard","meta":{"_acf_changed":false,"footnotes":""},"categories":[2],"tags":[88,91,89,54,59,86,85,87,57,43,52,90,82],"class_list":["post-5403","post","type-post","status-publish","format-standard","has-post-thumbnail","hentry","category-actualite","tag-accompagnement","tag-activite","tag-aide","tag-bretagne","tag-conseil","tag-coronavirus","tag-covid-19","tag-crise","tag-tag-entreprise","tag-industrie","tag-pme","tag-reprise","tag-strategie"],"acf":[],"yoast_head":"<!-- This site is optimized with the Yoast SEO plugin v27.0 - https:\/\/yoast.com\/product\/yoast-seo-wordpress\/ -->\n<title>Deux appels \u00e0 projets pour une industrie du futur - BREIZH FAB<\/title>\n<meta name=\"robots\" content=\"index, follow, max-snippet:-1, max-image-preview:large, max-video-preview:-1\" \/>\n<link rel=\"canonical\" href=\"https:\/\/www.breizhfab.bzh\/deux-appels-a-projets-pour-une-industrie-du-futur\/\" \/>\n<meta property=\"og:locale\" content=\"fr_FR\" \/>\n<meta property=\"og:type\" content=\"article\" \/>\n<meta property=\"og:title\" content=\"Deux appels \u00e0 projets pour une industrie du futur - BREIZH FAB\" \/>\n<meta property=\"og:description\" content=\"Pour aider les entreprises bretonnes \u00e0 rebondir dans le contexte actuel en acc\u00e9l\u00e9rant leurs \u00e9volutions, la R\u00e9gion lance deux appels \u00e0 projets \u00ab\u00a0industries du futur 2020\u00a0\u00bb. &nbsp;\" \/>\n<meta property=\"og:url\" content=\"https:\/\/www.breizhfab.bzh\/deux-appels-a-projets-pour-une-industrie-du-futur\/\" \/>\n<meta property=\"og:site_name\" content=\"BREIZH FAB\" \/>\n<meta property=\"article:published_time\" content=\"2020-06-19T08:08:56+00:00\" \/>\n<meta property=\"article:modified_time\" content=\"2024-03-04T13:17:35+00:00\" \/>\n<meta property=\"og:image\" content=\"https:\/\/www.breizhfab.bzh\/voy_content\/uploads\/2020\/06\/AAP-550x440-Site_-1.jpg\" \/>\n\t<meta property=\"og:image:width\" content=\"2292\" \/>\n\t<meta property=\"og:image:height\" content=\"1835\" \/>\n\t<meta property=\"og:image:type\" content=\"image\/jpeg\" \/>\n<meta name=\"author\" content=\"Sylvain Gourlaouen\" \/>\n<meta name=\"twitter:card\" content=\"summary_large_image\" \/>\n<meta name=\"twitter:label1\" content=\"\u00c9crit par\" \/>\n\t<meta name=\"twitter:data1\" content=\"Sylvain Gourlaouen\" \/>\n\t<meta name=\"twitter:label2\" content=\"Dur\u00e9e de lecture estim\u00e9e\" \/>\n\t<meta name=\"twitter:data2\" content=\"1 minute\" \/>\n<script type=\"application\/ld+json\" class=\"yoast-schema-graph\">{\"@context\":\"https:\/\/schema.org\",\"@graph\":[{\"@type\":\"Article\",\"@id\":\"https:\/\/www.breizhfab.bzh\/deux-appels-a-projets-pour-une-industrie-du-futur\/#article\",\"isPartOf\":{\"@id\":\"https:\/\/www.breizhfab.bzh\/deux-appels-a-projets-pour-une-industrie-du-futur\/\"},\"author\":{\"name\":\"Sylvain Gourlaouen\",\"@id\":\"https:\/\/www.breizhfab.bzh\/#\/schema\/person\/17b058e480c959dccf51797b28fc0ce5\"},\"headline\":\"Deux appels \u00e0 projets pour une industrie du futur\",\"datePublished\":\"2020-06-19T08:08:56+00:00\",\"dateModified\":\"2024-03-04T13:17:35+00:00\",\"mainEntityOfPage\":{\"@id\":\"https:\/\/www.breizhfab.bzh\/deux-appels-a-projets-pour-une-industrie-du-futur\/\"},\"wordCount\":35,\"commentCount\":0,\"image\":{\"@id\":\"https:\/\/www.breizhfab.bzh\/deux-appels-a-projets-pour-une-industrie-du-futur\/#primaryimage\"},\"thumbnailUrl\":\"https:\/\/www.breizhfab.bzh\/voy_content\/uploads\/2020\/06\/AAP-550x440-Site_-1.jpg\",\"keywords\":[\"accompagnement\",\"activit\u00e9\",\"aide\",\"bretagne\",\"conseil\",\"coronavirus\",\"covid-19\",\"crise\",\"entreprise\",\"industrie\",\"pme\",\"reprise\",\"strat\u00e9gie\"],\"articleSection\":[\"Actualite\"],\"inLanguage\":\"fr-FR\",\"potentialAction\":[{\"@type\":\"CommentAction\",\"name\":\"Comment\",\"target\":[\"https:\/\/www.breizhfab.bzh\/deux-appels-a-projets-pour-une-industrie-du-futur\/#respond\"]}]},{\"@type\":\"WebPage\",\"@id\":\"https:\/\/www.breizhfab.bzh\/deux-appels-a-projets-pour-une-industrie-du-futur\/\",\"url\":\"https:\/\/www.breizhfab.bzh\/deux-appels-a-projets-pour-une-industrie-du-futur\/\",\"name\":\"Deux appels \u00e0 projets pour une industrie du futur - BREIZH FAB\",\"isPartOf\":{\"@id\":\"https:\/\/www.breizhfab.bzh\/#website\"},\"primaryImageOfPage\":{\"@id\":\"https:\/\/www.breizhfab.bzh\/deux-appels-a-projets-pour-une-industrie-du-futur\/#primaryimage\"},\"image\":{\"@id\":\"https:\/\/www.breizhfab.bzh\/deux-appels-a-projets-pour-une-industrie-du-futur\/#primaryimage\"},\"thumbnailUrl\":\"https:\/\/www.breizhfab.bzh\/voy_content\/uploads\/2020\/06\/AAP-550x440-Site_-1.jpg\",\"datePublished\":\"2020-06-19T08:08:56+00:00\",\"dateModified\":\"2024-03-04T13:17:35+00:00\",\"author\":{\"@id\":\"https:\/\/www.breizhfab.bzh\/#\/schema\/person\/17b058e480c959dccf51797b28fc0ce5\"},\"breadcrumb\":{\"@id\":\"https:\/\/www.breizhfab.bzh\/deux-appels-a-projets-pour-une-industrie-du-futur\/#breadcrumb\"},\"inLanguage\":\"fr-FR\",\"potentialAction\":[{\"@type\":\"ReadAction\",\"target\":[\"https:\/\/www.breizhfab.bzh\/deux-appels-a-projets-pour-une-industrie-du-futur\/\"]}]},{\"@type\":\"ImageObject\",\"inLanguage\":\"fr-FR\",\"@id\":\"https:\/\/www.breizhfab.bzh\/deux-appels-a-projets-pour-une-industrie-du-futur\/#primaryimage\",\"url\":\"https:\/\/www.breizhfab.bzh\/voy_content\/uploads\/2020\/06\/AAP-550x440-Site_-1.jpg\",\"contentUrl\":\"https:\/\/www.breizhfab.bzh\/voy_content\/uploads\/2020\/06\/AAP-550x440-Site_-1.jpg\",\"width\":2292,\"height\":1835},{\"@type\":\"BreadcrumbList\",\"@id\":\"https:\/\/www.breizhfab.bzh\/deux-appels-a-projets-pour-une-industrie-du-futur\/#breadcrumb\",\"itemListElement\":[{\"@type\":\"ListItem\",\"position\":1,\"name\":\"Accueil\",\"item\":\"https:\/\/www.breizhfab.bzh\/\"},{\"@type\":\"ListItem\",\"position\":2,\"name\":\"Deux appels \u00e0 projets pour une industrie du futur\"}]},{\"@type\":\"WebSite\",\"@id\":\"https:\/\/www.breizhfab.bzh\/#website\",\"url\":\"https:\/\/www.breizhfab.bzh\/\",\"name\":\"BREIZH FAB\",\"description\":\"Just another WordPress site\",\"potentialAction\":[{\"@type\":\"SearchAction\",\"target\":{\"@type\":\"EntryPoint\",\"urlTemplate\":\"https:\/\/www.breizhfab.bzh\/?s={search_term_string}\"},\"query-input\":{\"@type\":\"PropertyValueSpecification\",\"valueRequired\":true,\"valueName\":\"search_term_string\"}}],\"inLanguage\":\"fr-FR\"},{\"@type\":\"Person\",\"@id\":\"https:\/\/www.breizhfab.bzh\/#\/schema\/person\/17b058e480c959dccf51797b28fc0ce5\",\"name\":\"Sylvain Gourlaouen\",\"image\":{\"@type\":\"ImageObject\",\"inLanguage\":\"fr-FR\",\"@id\":\"https:\/\/www.breizhfab.bzh\/#\/schema\/person\/image\/\",\"url\":\"https:\/\/secure.gravatar.com\/avatar\/ed4dda3f3f4a603eee9c5b9a0ac459b3e6448e5f7daa45ccbc2a3459728c39f2?s=96&d=mm&r=g\",\"contentUrl\":\"https:\/\/secure.gravatar.com\/avatar\/ed4dda3f3f4a603eee9c5b9a0ac459b3e6448e5f7daa45ccbc2a3459728c39f2?s=96&d=mm&r=g\",\"caption\":\"Sylvain Gourlaouen\"},\"url\":\"https:\/\/www.breizhfab.bzh\/author\/sylvain-gourlaouen\/\"}]}<\/script>\n<!-- \/ Yoast SEO plugin. -->","yoast_head_json":{"title":"Deux appels \u00e0 projets pour une industrie du futur - BREIZH FAB","robots":{"index":"index","follow":"follow","max-snippet":"max-snippet:-1","max-image-preview":"max-image-preview:large","max-video-preview":"max-video-preview:-1"},"canonical":"https:\/\/www.breizhfab.bzh\/deux-appels-a-projets-pour-une-industrie-du-futur\/","og_locale":"fr_FR","og_type":"article","og_title":"Deux appels \u00e0 projets pour une industrie du futur - BREIZH FAB","og_description":"Pour aider les entreprises bretonnes \u00e0 rebondir dans le contexte actuel en acc\u00e9l\u00e9rant leurs \u00e9volutions, la R\u00e9gion lance deux appels \u00e0 projets \u00ab\u00a0industries du futur 2020\u00a0\u00bb. &nbsp;","og_url":"https:\/\/www.breizhfab.bzh\/deux-appels-a-projets-pour-une-industrie-du-futur\/","og_site_name":"BREIZH FAB","article_published_time":"2020-06-19T08:08:56+00:00","article_modified_time":"2024-03-04T13:17:35+00:00","og_image":[{"width":2292,"height":1835,"url":"https:\/\/www.breizhfab.bzh\/voy_content\/uploads\/2020\/06\/AAP-550x440-Site_-1.jpg","type":"image\/jpeg"}],"author":"Sylvain Gourlaouen","twitter_card":"summary_large_image","twitter_misc":{"\u00c9crit par":"Sylvain Gourlaouen","Dur\u00e9e de lecture estim\u00e9e":"1 minute"},"schema":{"@context":"https:\/\/schema.org","@graph":[{"@type":"Article","@id":"https:\/\/www.breizhfab.bzh\/deux-appels-a-projets-pour-une-industrie-du-futur\/#article","isPartOf":{"@id":"https:\/\/www.breizhfab.bzh\/deux-appels-a-projets-pour-une-industrie-du-futur\/"},"author":{"name":"Sylvain Gourlaouen","@id":"https:\/\/www.breizhfab.bzh\/#\/schema\/person\/17b058e480c959dccf51797b28fc0ce5"},"headline":"Deux appels \u00e0 projets pour une industrie du futur","datePublished":"2020-06-19T08:08:56+00:00","dateModified":"2024-03-04T13:17:35+00:00","mainEntityOfPage":{"@id":"https:\/\/www.breizhfab.bzh\/deux-appels-a-projets-pour-une-industrie-du-futur\/"},"wordCount":35,"commentCount":0,"image":{"@id":"https:\/\/www.breizhfab.bzh\/deux-appels-a-projets-pour-une-industrie-du-futur\/#primaryimage"},"thumbnailUrl":"https:\/\/www.breizhfab.bzh\/voy_content\/uploads\/2020\/06\/AAP-550x440-Site_-1.jpg","keywords":["accompagnement","activit\u00e9","aide","bretagne","conseil","coronavirus","covid-19","crise","entreprise","industrie","pme","reprise","strat\u00e9gie"],"articleSection":["Actualite"],"inLanguage":"fr-FR","potentialAction":[{"@type":"CommentAction","name":"Comment","target":["https:\/\/www.breizhfab.bzh\/deux-appels-a-projets-pour-une-industrie-du-futur\/#respond"]}]},{"@type":"WebPage","@id":"https:\/\/www.breizhfab.bzh\/deux-appels-a-projets-pour-une-industrie-du-futur\/","url":"https:\/\/www.breizhfab.bzh\/deux-appels-a-projets-pour-une-industrie-du-futur\/","name":"Deux appels \u00e0 projets pour une industrie du futur - BREIZH FAB","isPartOf":{"@id":"https:\/\/www.breizhfab.bzh\/#website"},"primaryImageOfPage":{"@id":"https:\/\/www.breizhfab.bzh\/deux-appels-a-projets-pour-une-industrie-du-futur\/#primaryimage"},"image":{"@id":"https:\/\/www.breizhfab.bzh\/deux-appels-a-projets-pour-une-industrie-du-futur\/#primaryimage"},"thumbnailUrl":"https:\/\/www.breizhfab.bzh\/voy_content\/uploads\/2020\/06\/AAP-550x440-Site_-1.jpg","datePublished":"2020-06-19T08:08:56+00:00","dateModified":"2024-03-04T13:17:35+00:00","author":{"@id":"https:\/\/www.breizhfab.bzh\/#\/schema\/person\/17b058e480c959dccf51797b28fc0ce5"},"breadcrumb":{"@id":"https:\/\/www.breizhfab.bzh\/deux-appels-a-projets-pour-une-industrie-du-futur\/#breadcrumb"},"inLanguage":"fr-FR","potentialAction":[{"@type":"ReadAction","target":["https:\/\/www.breizhfab.bzh\/deux-appels-a-projets-pour-une-industrie-du-futur\/"]}]},{"@type":"ImageObject","inLanguage":"fr-FR","@id":"https:\/\/www.breizhfab.bzh\/deux-appels-a-projets-pour-une-industrie-du-futur\/#primaryimage","url":"https:\/\/www.breizhfab.bzh\/voy_content\/uploads\/2020\/06\/AAP-550x440-Site_-1.jpg","contentUrl":"https:\/\/www.breizhfab.bzh\/voy_content\/uploads\/2020\/06\/AAP-550x440-Site_-1.jpg","width":2292,"height":1835},{"@type":"BreadcrumbList","@id":"https:\/\/www.breizhfab.bzh\/deux-appels-a-projets-pour-une-industrie-du-futur\/#breadcrumb","itemListElement":[{"@type":"ListItem","position":1,"name":"Accueil","item":"https:\/\/www.breizhfab.bzh\/"},{"@type":"ListItem","position":2,"name":"Deux appels \u00e0 projets pour une industrie du futur"}]},{"@type":"WebSite","@id":"https:\/\/www.breizhfab.bzh\/#website","url":"https:\/\/www.breizhfab.bzh\/","name":"BREIZH FAB","description":"Just another WordPress site","potentialAction":[{"@type":"SearchAction","target":{"@type":"EntryPoint","urlTemplate":"https:\/\/www.breizhfab.bzh\/?s={search_term_string}"},"query-input":{"@type":"PropertyValueSpecification","valueRequired":true,"valueName":"search_term_string"}}],"inLanguage":"fr-FR"},{"@type":"Person","@id":"https:\/\/www.breizhfab.bzh\/#\/schema\/person\/17b058e480c959dccf51797b28fc0ce5","name":"Sylvain Gourlaouen","image":{"@type":"ImageObject","inLanguage":"fr-FR","@id":"https:\/\/www.breizhfab.bzh\/#\/schema\/person\/image\/","url":"https:\/\/secure.gravatar.com\/avatar\/ed4dda3f3f4a603eee9c5b9a0ac459b3e6448e5f7daa45ccbc2a3459728c39f2?s=96&d=mm&r=g","contentUrl":"https:\/\/secure.gravatar.com\/avatar\/ed4dda3f3f4a603eee9c5b9a0ac459b3e6448e5f7daa45ccbc2a3459728c39f2?s=96&d=mm&r=g","caption":"Sylvain Gourlaouen"},"url":"https:\/\/www.breizhfab.bzh\/author\/sylvain-gourlaouen\/"}]}},"_links":{"self":[{"href":"https:\/\/www.breizhfab.bzh\/voy_api\/wp\/v2\/posts\/5403","targetHints":{"allow":["GET"]}}],"collection":[{"href":"https:\/\/www.breizhfab.bzh\/voy_api\/wp\/v2\/posts"}],"about":[{"href":"https:\/\/www.breizhfab.bzh\/voy_api\/wp\/v2\/types\/post"}],"author":[{"embeddable":true,"href":"https:\/\/www.breizhfab.bzh\/voy_api\/wp\/v2\/users\/9"}],"replies":[{"embeddable":true,"href":"https:\/\/www.breizhfab.bzh\/voy_api\/wp\/v2\/comments?post=5403"}],"version-history":[{"count":28,"href":"https:\/\/www.breizhfab.bzh\/voy_api\/wp\/v2\/posts\/5403\/revisions"}],"predecessor-version":[{"id":12906,"href":"https:\/\/www.breizhfab.bzh\/voy_api\/wp\/v2\/posts\/5403\/revisions\/12906"}],"wp:featuredmedia":[{"embeddable":true,"href":"https:\/\/www.breizhfab.bzh\/voy_api\/wp\/v2\/media\/5436"}],"wp:attachment":[{"href":"https:\/\/www.breizhfab.bzh\/voy_api\/wp\/v2\/media?parent=5403"}],"wp:term":[{"taxonomy":"category","embeddable":true,"href":"https:\/\/www.breizhfab.bzh\/voy_api\/wp\/v2\/categories?post=5403"},{"taxonomy":"post_tag","embeddable":true,"href":"https:\/\/www.breizhfab.bzh\/voy_api\/wp\/v2\/tags?post=5403"}],"curies":[{"name":"wp","href":"https:\/\/api.w.org\/{rel}","templated":true}]}}