{"id":4792,"date":"2020-04-14T07:56:22","date_gmt":"2020-04-14T07:56:22","guid":{"rendered":"https:\/\/www.breizhfab.bzh\/?p=4792"},"modified":"2024-03-04T13:17:18","modified_gmt":"2024-03-04T13:17:18","slug":"breizh-fab-soutient-les-pme-industrielles","status":"publish","type":"post","link":"https:\/\/www.breizhfab.bzh\/breizh-fab-soutient-les-pme-industrielles\/","title":{"rendered":"Breizh Fab soutient les pme industrielles"},"content":{"rendered":"<div class=\"intro\">\n<p><span style=\"font-size: 1.8rem; font-family: Arial, sans-serif;\">Dans le contexte des mesures de confinement li\u00e9es \u00e0 la crise du Covid-19, l&rsquo;ensemble des partenaires de Breizh Fab (R\u00e9gion Bretagne, Services de l&rsquo;Etat, Cetim, UIMM, CCI, Institut Maupertuis, FIM, Plasti-Ouest, ABEA et France Chimie Ouest Atlantique) se mobilisent et souhaitent apporter leur soutien aux industriels bretons.<\/span><\/p>\n<p><img decoding=\"async\" class=\"aligncenter wp-image-8724 size-full\" src=\"https:\/\/www.breizhfab.bzh\/voy_content\/uploads\/2021\/01\/bloc-marqueBF3-RVB-vertical-sansendossement_Bloc-marque-Vertical-575x120px.jpg\" alt=\"\" width=\"2397\" height=\"501\" \/><\/p>\n<p>&nbsp;<\/p>\n<p>&nbsp;<\/p>\n<\/div>\n","protected":false},"excerpt":{"rendered":"<p>Dans le contexte des mesures de confinement li\u00e9es \u00e0 la crise du Covid-19, l&rsquo;ensemble des partenaires de Breizh Fab (R\u00e9gion Bretagne, Services de l&rsquo;Etat, Cetim, UIMM, CCI, Institut Maupertuis, FIM, Plasti-Ouest, ABEA et France Chimie Ouest Atlantique) se mobilisent et souhaitent apporter leur soutien aux industriels bretons. &nbsp; &nbsp;<\/p>\n","protected":false},"author":9,"featured_media":4923,"comment_status":"open","ping_status":"open","sticky":false,"template":"","format":"standard","meta":{"_acf_changed":false,"footnotes":""},"categories":[2],"tags":[88,91,89,54,59,86,85,87,57,43,52,90,82],"class_list":["post-4792","post","type-post","status-publish","format-standard","has-post-thumbnail","hentry","category-actualite","tag-accompagnement","tag-activite","tag-aide","tag-bretagne","tag-conseil","tag-coronavirus","tag-covid-19","tag-crise","tag-tag-entreprise","tag-industrie","tag-pme","tag-reprise","tag-strategie"],"acf":[],"yoast_head":"<!-- This site is optimized with the Yoast SEO plugin v27.0 - https:\/\/yoast.com\/product\/yoast-seo-wordpress\/ -->\n<title>Breizh Fab soutient les pme industrielles - BREIZH FAB<\/title>\n<meta name=\"robots\" content=\"index, follow, max-snippet:-1, max-image-preview:large, max-video-preview:-1\" \/>\n<link rel=\"canonical\" href=\"https:\/\/www.breizhfab.bzh\/breizh-fab-soutient-les-pme-industrielles\/\" \/>\n<meta property=\"og:locale\" content=\"fr_FR\" \/>\n<meta property=\"og:type\" content=\"article\" \/>\n<meta property=\"og:title\" content=\"Breizh Fab soutient les pme industrielles - BREIZH FAB\" \/>\n<meta property=\"og:description\" content=\"Dans le contexte des mesures de confinement li\u00e9es \u00e0 la crise du Covid-19, l&rsquo;ensemble des partenaires de Breizh Fab (R\u00e9gion Bretagne, Services de l&rsquo;Etat, Cetim, UIMM, CCI, Institut Maupertuis, FIM, Plasti-Ouest, ABEA et France Chimie Ouest Atlantique) se mobilisent et souhaitent apporter leur soutien aux industriels bretons. &nbsp; &nbsp;\" \/>\n<meta property=\"og:url\" content=\"https:\/\/www.breizhfab.bzh\/breizh-fab-soutient-les-pme-industrielles\/\" \/>\n<meta property=\"og:site_name\" content=\"BREIZH FAB\" \/>\n<meta property=\"article:published_time\" content=\"2020-04-14T07:56:22+00:00\" \/>\n<meta property=\"article:modified_time\" content=\"2024-03-04T13:17:18+00:00\" \/>\n<meta property=\"og:image\" content=\"https:\/\/www.breizhfab.bzh\/voy_content\/uploads\/2020\/04\/ACTIVCOVID-720x400-RS_Plan-de-travail-1-scaled.jpg\" \/>\n\t<meta property=\"og:image:width\" content=\"2560\" \/>\n\t<meta property=\"og:image:height\" content=\"1422\" \/>\n\t<meta property=\"og:image:type\" content=\"image\/jpeg\" \/>\n<meta name=\"author\" content=\"Sylvain Gourlaouen\" \/>\n<meta name=\"twitter:card\" content=\"summary_large_image\" \/>\n<meta name=\"twitter:label1\" content=\"\u00c9crit par\" \/>\n\t<meta name=\"twitter:data1\" content=\"Sylvain Gourlaouen\" \/>\n\t<meta name=\"twitter:label2\" content=\"Dur\u00e9e de lecture estim\u00e9e\" \/>\n\t<meta name=\"twitter:data2\" content=\"1 minute\" \/>\n<script type=\"application\/ld+json\" class=\"yoast-schema-graph\">{\"@context\":\"https:\/\/schema.org\",\"@graph\":[{\"@type\":\"Article\",\"@id\":\"https:\/\/www.breizhfab.bzh\/breizh-fab-soutient-les-pme-industrielles\/#article\",\"isPartOf\":{\"@id\":\"https:\/\/www.breizhfab.bzh\/breizh-fab-soutient-les-pme-industrielles\/\"},\"author\":{\"name\":\"Sylvain Gourlaouen\",\"@id\":\"https:\/\/www.breizhfab.bzh\/#\/schema\/person\/17b058e480c959dccf51797b28fc0ce5\"},\"headline\":\"Breizh Fab soutient les pme industrielles\",\"datePublished\":\"2020-04-14T07:56:22+00:00\",\"dateModified\":\"2024-03-04T13:17:18+00:00\",\"mainEntityOfPage\":{\"@id\":\"https:\/\/www.breizhfab.bzh\/breizh-fab-soutient-les-pme-industrielles\/\"},\"wordCount\":56,\"commentCount\":0,\"image\":{\"@id\":\"https:\/\/www.breizhfab.bzh\/breizh-fab-soutient-les-pme-industrielles\/#primaryimage\"},\"thumbnailUrl\":\"https:\/\/www.breizhfab.bzh\/voy_content\/uploads\/2020\/04\/ACTIVCOVID-720x400-RS_Plan-de-travail-1-scaled.jpg\",\"keywords\":[\"accompagnement\",\"activit\u00e9\",\"aide\",\"bretagne\",\"conseil\",\"coronavirus\",\"covid-19\",\"crise\",\"entreprise\",\"industrie\",\"pme\",\"reprise\",\"strat\u00e9gie\"],\"articleSection\":[\"Actualite\"],\"inLanguage\":\"fr-FR\",\"potentialAction\":[{\"@type\":\"CommentAction\",\"name\":\"Comment\",\"target\":[\"https:\/\/www.breizhfab.bzh\/breizh-fab-soutient-les-pme-industrielles\/#respond\"]}]},{\"@type\":\"WebPage\",\"@id\":\"https:\/\/www.breizhfab.bzh\/breizh-fab-soutient-les-pme-industrielles\/\",\"url\":\"https:\/\/www.breizhfab.bzh\/breizh-fab-soutient-les-pme-industrielles\/\",\"name\":\"Breizh Fab soutient les pme industrielles - BREIZH FAB\",\"isPartOf\":{\"@id\":\"https:\/\/www.breizhfab.bzh\/#website\"},\"primaryImageOfPage\":{\"@id\":\"https:\/\/www.breizhfab.bzh\/breizh-fab-soutient-les-pme-industrielles\/#primaryimage\"},\"image\":{\"@id\":\"https:\/\/www.breizhfab.bzh\/breizh-fab-soutient-les-pme-industrielles\/#primaryimage\"},\"thumbnailUrl\":\"https:\/\/www.breizhfab.bzh\/voy_content\/uploads\/2020\/04\/ACTIVCOVID-720x400-RS_Plan-de-travail-1-scaled.jpg\",\"datePublished\":\"2020-04-14T07:56:22+00:00\",\"dateModified\":\"2024-03-04T13:17:18+00:00\",\"author\":{\"@id\":\"https:\/\/www.breizhfab.bzh\/#\/schema\/person\/17b058e480c959dccf51797b28fc0ce5\"},\"breadcrumb\":{\"@id\":\"https:\/\/www.breizhfab.bzh\/breizh-fab-soutient-les-pme-industrielles\/#breadcrumb\"},\"inLanguage\":\"fr-FR\",\"potentialAction\":[{\"@type\":\"ReadAction\",\"target\":[\"https:\/\/www.breizhfab.bzh\/breizh-fab-soutient-les-pme-industrielles\/\"]}]},{\"@type\":\"ImageObject\",\"inLanguage\":\"fr-FR\",\"@id\":\"https:\/\/www.breizhfab.bzh\/breizh-fab-soutient-les-pme-industrielles\/#primaryimage\",\"url\":\"https:\/\/www.breizhfab.bzh\/voy_content\/uploads\/2020\/04\/ACTIVCOVID-720x400-RS_Plan-de-travail-1-scaled.jpg\",\"contentUrl\":\"https:\/\/www.breizhfab.bzh\/voy_content\/uploads\/2020\/04\/ACTIVCOVID-720x400-RS_Plan-de-travail-1-scaled.jpg\",\"width\":2560,\"height\":1422,\"caption\":\"ACTIVCOVID - 720x400 - RS_Plan de travail 1\"},{\"@type\":\"BreadcrumbList\",\"@id\":\"https:\/\/www.breizhfab.bzh\/breizh-fab-soutient-les-pme-industrielles\/#breadcrumb\",\"itemListElement\":[{\"@type\":\"ListItem\",\"position\":1,\"name\":\"Accueil\",\"item\":\"https:\/\/www.breizhfab.bzh\/\"},{\"@type\":\"ListItem\",\"position\":2,\"name\":\"Breizh Fab soutient les pme industrielles\"}]},{\"@type\":\"WebSite\",\"@id\":\"https:\/\/www.breizhfab.bzh\/#website\",\"url\":\"https:\/\/www.breizhfab.bzh\/\",\"name\":\"BREIZH FAB\",\"description\":\"Just another WordPress site\",\"potentialAction\":[{\"@type\":\"SearchAction\",\"target\":{\"@type\":\"EntryPoint\",\"urlTemplate\":\"https:\/\/www.breizhfab.bzh\/?s={search_term_string}\"},\"query-input\":{\"@type\":\"PropertyValueSpecification\",\"valueRequired\":true,\"valueName\":\"search_term_string\"}}],\"inLanguage\":\"fr-FR\"},{\"@type\":\"Person\",\"@id\":\"https:\/\/www.breizhfab.bzh\/#\/schema\/person\/17b058e480c959dccf51797b28fc0ce5\",\"name\":\"Sylvain Gourlaouen\",\"image\":{\"@type\":\"ImageObject\",\"inLanguage\":\"fr-FR\",\"@id\":\"https:\/\/www.breizhfab.bzh\/#\/schema\/person\/image\/\",\"url\":\"https:\/\/secure.gravatar.com\/avatar\/ed4dda3f3f4a603eee9c5b9a0ac459b3e6448e5f7daa45ccbc2a3459728c39f2?s=96&d=mm&r=g\",\"contentUrl\":\"https:\/\/secure.gravatar.com\/avatar\/ed4dda3f3f4a603eee9c5b9a0ac459b3e6448e5f7daa45ccbc2a3459728c39f2?s=96&d=mm&r=g\",\"caption\":\"Sylvain Gourlaouen\"},\"url\":\"https:\/\/www.breizhfab.bzh\/author\/sylvain-gourlaouen\/\"}]}<\/script>\n<!-- \/ Yoast SEO plugin. -->","yoast_head_json":{"title":"Breizh Fab soutient les pme industrielles - BREIZH FAB","robots":{"index":"index","follow":"follow","max-snippet":"max-snippet:-1","max-image-preview":"max-image-preview:large","max-video-preview":"max-video-preview:-1"},"canonical":"https:\/\/www.breizhfab.bzh\/breizh-fab-soutient-les-pme-industrielles\/","og_locale":"fr_FR","og_type":"article","og_title":"Breizh Fab soutient les pme industrielles - BREIZH FAB","og_description":"Dans le contexte des mesures de confinement li\u00e9es \u00e0 la crise du Covid-19, l&rsquo;ensemble des partenaires de Breizh Fab (R\u00e9gion Bretagne, Services de l&rsquo;Etat, Cetim, UIMM, CCI, Institut Maupertuis, FIM, Plasti-Ouest, ABEA et France Chimie Ouest Atlantique) se mobilisent et souhaitent apporter leur soutien aux industriels bretons. &nbsp; &nbsp;","og_url":"https:\/\/www.breizhfab.bzh\/breizh-fab-soutient-les-pme-industrielles\/","og_site_name":"BREIZH FAB","article_published_time":"2020-04-14T07:56:22+00:00","article_modified_time":"2024-03-04T13:17:18+00:00","og_image":[{"width":2560,"height":1422,"url":"https:\/\/www.breizhfab.bzh\/voy_content\/uploads\/2020\/04\/ACTIVCOVID-720x400-RS_Plan-de-travail-1-scaled.jpg","type":"image\/jpeg"}],"author":"Sylvain Gourlaouen","twitter_card":"summary_large_image","twitter_misc":{"\u00c9crit par":"Sylvain Gourlaouen","Dur\u00e9e de lecture estim\u00e9e":"1 minute"},"schema":{"@context":"https:\/\/schema.org","@graph":[{"@type":"Article","@id":"https:\/\/www.breizhfab.bzh\/breizh-fab-soutient-les-pme-industrielles\/#article","isPartOf":{"@id":"https:\/\/www.breizhfab.bzh\/breizh-fab-soutient-les-pme-industrielles\/"},"author":{"name":"Sylvain Gourlaouen","@id":"https:\/\/www.breizhfab.bzh\/#\/schema\/person\/17b058e480c959dccf51797b28fc0ce5"},"headline":"Breizh Fab soutient les pme industrielles","datePublished":"2020-04-14T07:56:22+00:00","dateModified":"2024-03-04T13:17:18+00:00","mainEntityOfPage":{"@id":"https:\/\/www.breizhfab.bzh\/breizh-fab-soutient-les-pme-industrielles\/"},"wordCount":56,"commentCount":0,"image":{"@id":"https:\/\/www.breizhfab.bzh\/breizh-fab-soutient-les-pme-industrielles\/#primaryimage"},"thumbnailUrl":"https:\/\/www.breizhfab.bzh\/voy_content\/uploads\/2020\/04\/ACTIVCOVID-720x400-RS_Plan-de-travail-1-scaled.jpg","keywords":["accompagnement","activit\u00e9","aide","bretagne","conseil","coronavirus","covid-19","crise","entreprise","industrie","pme","reprise","strat\u00e9gie"],"articleSection":["Actualite"],"inLanguage":"fr-FR","potentialAction":[{"@type":"CommentAction","name":"Comment","target":["https:\/\/www.breizhfab.bzh\/breizh-fab-soutient-les-pme-industrielles\/#respond"]}]},{"@type":"WebPage","@id":"https:\/\/www.breizhfab.bzh\/breizh-fab-soutient-les-pme-industrielles\/","url":"https:\/\/www.breizhfab.bzh\/breizh-fab-soutient-les-pme-industrielles\/","name":"Breizh Fab soutient les pme industrielles - BREIZH FAB","isPartOf":{"@id":"https:\/\/www.breizhfab.bzh\/#website"},"primaryImageOfPage":{"@id":"https:\/\/www.breizhfab.bzh\/breizh-fab-soutient-les-pme-industrielles\/#primaryimage"},"image":{"@id":"https:\/\/www.breizhfab.bzh\/breizh-fab-soutient-les-pme-industrielles\/#primaryimage"},"thumbnailUrl":"https:\/\/www.breizhfab.bzh\/voy_content\/uploads\/2020\/04\/ACTIVCOVID-720x400-RS_Plan-de-travail-1-scaled.jpg","datePublished":"2020-04-14T07:56:22+00:00","dateModified":"2024-03-04T13:17:18+00:00","author":{"@id":"https:\/\/www.breizhfab.bzh\/#\/schema\/person\/17b058e480c959dccf51797b28fc0ce5"},"breadcrumb":{"@id":"https:\/\/www.breizhfab.bzh\/breizh-fab-soutient-les-pme-industrielles\/#breadcrumb"},"inLanguage":"fr-FR","potentialAction":[{"@type":"ReadAction","target":["https:\/\/www.breizhfab.bzh\/breizh-fab-soutient-les-pme-industrielles\/"]}]},{"@type":"ImageObject","inLanguage":"fr-FR","@id":"https:\/\/www.breizhfab.bzh\/breizh-fab-soutient-les-pme-industrielles\/#primaryimage","url":"https:\/\/www.breizhfab.bzh\/voy_content\/uploads\/2020\/04\/ACTIVCOVID-720x400-RS_Plan-de-travail-1-scaled.jpg","contentUrl":"https:\/\/www.breizhfab.bzh\/voy_content\/uploads\/2020\/04\/ACTIVCOVID-720x400-RS_Plan-de-travail-1-scaled.jpg","width":2560,"height":1422,"caption":"ACTIVCOVID - 720x400 - RS_Plan de travail 1"},{"@type":"BreadcrumbList","@id":"https:\/\/www.breizhfab.bzh\/breizh-fab-soutient-les-pme-industrielles\/#breadcrumb","itemListElement":[{"@type":"ListItem","position":1,"name":"Accueil","item":"https:\/\/www.breizhfab.bzh\/"},{"@type":"ListItem","position":2,"name":"Breizh Fab soutient les pme industrielles"}]},{"@type":"WebSite","@id":"https:\/\/www.breizhfab.bzh\/#website","url":"https:\/\/www.breizhfab.bzh\/","name":"BREIZH FAB","description":"Just another WordPress site","potentialAction":[{"@type":"SearchAction","target":{"@type":"EntryPoint","urlTemplate":"https:\/\/www.breizhfab.bzh\/?s={search_term_string}"},"query-input":{"@type":"PropertyValueSpecification","valueRequired":true,"valueName":"search_term_string"}}],"inLanguage":"fr-FR"},{"@type":"Person","@id":"https:\/\/www.breizhfab.bzh\/#\/schema\/person\/17b058e480c959dccf51797b28fc0ce5","name":"Sylvain Gourlaouen","image":{"@type":"ImageObject","inLanguage":"fr-FR","@id":"https:\/\/www.breizhfab.bzh\/#\/schema\/person\/image\/","url":"https:\/\/secure.gravatar.com\/avatar\/ed4dda3f3f4a603eee9c5b9a0ac459b3e6448e5f7daa45ccbc2a3459728c39f2?s=96&d=mm&r=g","contentUrl":"https:\/\/secure.gravatar.com\/avatar\/ed4dda3f3f4a603eee9c5b9a0ac459b3e6448e5f7daa45ccbc2a3459728c39f2?s=96&d=mm&r=g","caption":"Sylvain Gourlaouen"},"url":"https:\/\/www.breizhfab.bzh\/author\/sylvain-gourlaouen\/"}]}},"_links":{"self":[{"href":"https:\/\/www.breizhfab.bzh\/voy_api\/wp\/v2\/posts\/4792","targetHints":{"allow":["GET"]}}],"collection":[{"href":"https:\/\/www.breizhfab.bzh\/voy_api\/wp\/v2\/posts"}],"about":[{"href":"https:\/\/www.breizhfab.bzh\/voy_api\/wp\/v2\/types\/post"}],"author":[{"embeddable":true,"href":"https:\/\/www.breizhfab.bzh\/voy_api\/wp\/v2\/users\/9"}],"replies":[{"embeddable":true,"href":"https:\/\/www.breizhfab.bzh\/voy_api\/wp\/v2\/comments?post=4792"}],"version-history":[{"count":147,"href":"https:\/\/www.breizhfab.bzh\/voy_api\/wp\/v2\/posts\/4792\/revisions"}],"predecessor-version":[{"id":12905,"href":"https:\/\/www.breizhfab.bzh\/voy_api\/wp\/v2\/posts\/4792\/revisions\/12905"}],"wp:featuredmedia":[{"embeddable":true,"href":"https:\/\/www.breizhfab.bzh\/voy_api\/wp\/v2\/media\/4923"}],"wp:attachment":[{"href":"https:\/\/www.breizhfab.bzh\/voy_api\/wp\/v2\/media?parent=4792"}],"wp:term":[{"taxonomy":"category","embeddable":true,"href":"https:\/\/www.breizhfab.bzh\/voy_api\/wp\/v2\/categories?post=4792"},{"taxonomy":"post_tag","embeddable":true,"href":"https:\/\/www.breizhfab.bzh\/voy_api\/wp\/v2\/tags?post=4792"}],"curies":[{"name":"wp","href":"https:\/\/api.w.org\/{rel}","templated":true}]}}