{"id":3397,"date":"2019-07-04T08:35:52","date_gmt":"2019-07-04T08:35:52","guid":{"rendered":"https:\/\/www.breizhfab.bzh\/?p=3397"},"modified":"2019-07-05T13:09:47","modified_gmt":"2019-07-05T13:09:47","slug":"une-politique-industrielle-bretonne-renforcee","status":"publish","type":"post","link":"https:\/\/www.breizhfab.bzh\/une-politique-industrielle-bretonne-renforcee\/","title":{"rendered":"Une politique industrielle bretonne renforc\u00e9e"},"content":{"rendered":"<h2 style=\"text-align: center;\"><span class=\"txt--primary\">La R\u00e9gion installe le comit\u00e9 de pilotage de la Bretagne industrielle<\/span><\/h2>\n<p><span style=\"font-size: 1.8rem;\"><img decoding=\"async\" class=\"size-medium wp-image-3403 alignleft\" src=\"https:\/\/www.breizhfab.bzh\/voy_content\/uploads\/2019\/07\/Bretagne-industrie-01-300x224.jpg\" alt=\"Bretagne industrie-01\" width=\"300\" height=\"224\" srcset=\"https:\/\/www.breizhfab.bzh\/voy_content\/uploads\/2019\/07\/Bretagne-industrie-01-300x224.jpg 300w, https:\/\/www.breizhfab.bzh\/voy_content\/uploads\/2019\/07\/Bretagne-industrie-01-768x573.jpg 768w, https:\/\/www.breizhfab.bzh\/voy_content\/uploads\/2019\/07\/Bretagne-industrie-01-1024x764.jpg 1024w, https:\/\/www.breizhfab.bzh\/voy_content\/uploads\/2019\/07\/Bretagne-industrie-01-60x45.jpg 60w, https:\/\/www.breizhfab.bzh\/voy_content\/uploads\/2019\/07\/Bretagne-industrie-01-100x75.jpg 100w, https:\/\/www.breizhfab.bzh\/voy_content\/uploads\/2019\/07\/Bretagne-industrie-01-120x90.jpg 120w, https:\/\/www.breizhfab.bzh\/voy_content\/uploads\/2019\/07\/Bretagne-industrie-01-150x112.jpg 150w, https:\/\/www.breizhfab.bzh\/voy_content\/uploads\/2019\/07\/Bretagne-industrie-01-190x142.jpg 190w\" sizes=\"(max-width: 300px) 100vw, 300px\" \/>Lo\u00efg Chesnais-Girard, Pr\u00e9sident de la R\u00e9gion Bretagne, en pr\u00e9sence de Mich\u00e8le Kirry, Pr\u00e9f\u00e8te de la r\u00e9gion Bretagne, a r\u00e9uni ce <\/span><strong style=\"font-size: 1.8rem;\">mardi 2 juillet 2019<\/strong><span style=\"font-size: 1.8rem;\">, \u00e0 Pontivy, les \u00e9lus des <\/span><strong style=\"font-size: 1.8rem;\">59 intercommunalit\u00e9s bretonnes<\/strong><span style=\"font-size: 1.8rem;\"> pour leur pr\u00e9senter\u00a0 la mise en \u0153uvre d\u2019une <\/span><strong style=\"font-size: 1.8rem;\">politique industrielle r\u00e9gionale renforc\u00e9e<\/strong><span style=\"font-size: 1.8rem;\">, int\u00e9grant le d\u00e9ploiement sp\u00e9cifique et diff\u00e9renci\u00e9, en Bretagne, de <\/span><strong style=\"font-size: 1.8rem;\">Territoires d\u2019industrie<\/strong><span style=\"font-size: 1.8rem;\">.<\/span><strong style=\"font-size: 1.8rem;\"> Un protocole d\u2019accord a \u00e9t\u00e9 sign\u00e9<\/strong><span style=\"font-size: 1.8rem;\"> en ce sens : comme act\u00e9 par le Contrat d\u2019action publique sign\u00e9 avec le Premier Ministre en f\u00e9vrier dernier, ce dispositif national est d\u00e9sormais pilot\u00e9 par la R\u00e9gion en parfaite articulation avec les services et op\u00e9rateurs de l\u2019Etat. Il s\u2019int\u00e8gre aux programmes d\u00e9j\u00e0 mis en place en Bretagne, au premier rang desquels <\/span><strong style=\"font-size: 1.8rem;\">Breizh Fab<\/strong><span style=\"font-size: 1.8rem;\">.<\/span><\/p>\n<p>&nbsp;<\/p>\n<div class=\"intro\">\n<h3 style=\"text-align: center;\">La dynamique r\u00e9gionale BreizhFab acc\u00e9l\u00e8re&#8230;<\/h3>\n<p><img decoding=\"async\" class=\"alignnone size-medium wp-image-3146 aligncenter\" src=\"https:\/\/www.breizhfab.bzh\/voy_content\/uploads\/2019\/05\/LogoBreizhFAB-fondblanc-300x114.png\" alt=\"LogoBreizhFAB-fondblanc\" width=\"300\" height=\"114\" srcset=\"https:\/\/www.breizhfab.bzh\/voy_content\/uploads\/2019\/05\/LogoBreizhFAB-fondblanc-300x114.png 300w, https:\/\/www.breizhfab.bzh\/voy_content\/uploads\/2019\/05\/LogoBreizhFAB-fondblanc-768x292.png 768w, https:\/\/www.breizhfab.bzh\/voy_content\/uploads\/2019\/05\/LogoBreizhFAB-fondblanc-1024x390.png 1024w, https:\/\/www.breizhfab.bzh\/voy_content\/uploads\/2019\/05\/LogoBreizhFAB-fondblanc-60x23.png 60w, https:\/\/www.breizhfab.bzh\/voy_content\/uploads\/2019\/05\/LogoBreizhFAB-fondblanc-100x38.png 100w, https:\/\/www.breizhfab.bzh\/voy_content\/uploads\/2019\/05\/LogoBreizhFAB-fondblanc-120x46.png 120w, https:\/\/www.breizhfab.bzh\/voy_content\/uploads\/2019\/05\/LogoBreizhFAB-fondblanc-150x57.png 150w, https:\/\/www.breizhfab.bzh\/voy_content\/uploads\/2019\/05\/LogoBreizhFAB-fondblanc-190x72.png 190w\" sizes=\"(max-width: 300px) 100vw, 300px\" \/><\/p>\n<\/div>\n<p>L\u2019initiative nationale Territoires d\u2019industrie, lanc\u00e9 fin 2018, vient compl\u00e9ter les dispositifs d\u00e9j\u00e0 mis en \u0153uvre au niveau r\u00e9gional, dont <strong style=\"font-size: 1.8rem;\">Breizh Fab<\/strong>. <strong><span class=\"txt--primary\">Toutes les entreprises industrielles, quel que soit leur secteur d\u2019activit\u00e9, sont d\u00e9sormais concern\u00e9es.<\/span><\/strong> L\u2019objectif, d\u00e9sormais, est d\u2019articuler l\u2019ensemble des actions et d\u2019en d\u00e9ployer de nouvelles.<\/p>\n<p>&nbsp;<\/p>\n<p><strong>Dot\u00e9 de 4 M\u20ac sur 3 ans<\/strong> et fort d\u2019un partenariat avec des industriels et des acteurs du d\u00e9veloppement \u00e9conomique (R\u00e9gion Bretagne, Etat, Cetim, UIMM, CCI, Institut Maupertuis, FIM et Plastiouest), <strong>Breizh Fab<\/strong> se traduit par un <strong>ensemble de mesures d\u2019aides aux entreprises<\/strong> pour se d\u00e9velopper tout en s\u2019engageant dans les n\u00e9cessaires transitions. Le programme accompagnera <strong>500 projets de modernisation et d\u2019innovation, <\/strong>via l\u2019intervention de conseillers, \u00e0 raison de<strong> 10 jours d\u2019intervention par PME.<\/strong><\/p>\n<p class=\"knowMore\"><a href=\"https:\/\/www.breizhfab.bzh\/voy_content\/uploads\/2019\/07\/273_cp_territoiresindustrie-breizhfab-1.pdf\">T\u00e9l\u00e9charger le communiqu\u00e9 de Presse<\/a><\/p>\n","protected":false},"excerpt":{"rendered":"<p>La R\u00e9gion installe le comit\u00e9 de pilotage de la Bretagne industrielle Lo\u00efg Chesnais-Girard, Pr\u00e9sident de la R\u00e9gion Bretagne, en pr\u00e9sence de Mich\u00e8le Kirry, Pr\u00e9f\u00e8te de la r\u00e9gion Bretagne, a r\u00e9uni ce mardi 2 juillet 2019, \u00e0 Pontivy, les \u00e9lus des 59 intercommunalit\u00e9s bretonnes pour leur pr\u00e9senter\u00a0 la mise en \u0153uvre d\u2019une politique industrielle r\u00e9gionale renforc\u00e9e, [&hellip;]<\/p>\n","protected":false},"author":9,"featured_media":3403,"comment_status":"open","ping_status":"open","sticky":false,"template":"","format":"standard","meta":{"_acf_changed":false,"footnotes":""},"categories":[2],"tags":[60,53,54,59,57,43,55,61,58,52,56],"class_list":["post-3397","post","type-post","status-publish","format-standard","has-post-thumbnail","hentry","category-actualite","tag-aides","tag-breizhfab","tag-bretagne","tag-conseil","tag-tag-entreprise","tag-industrie","tag-industriel","tag-innovation","tag-modernisation","tag-pme","tag-territoires"],"acf":[],"yoast_head":"<!-- This site is optimized with the Yoast SEO plugin v27.0 - https:\/\/yoast.com\/product\/yoast-seo-wordpress\/ -->\n<title>Une politique industrielle bretonne renforc\u00e9e - BREIZH FAB<\/title>\n<meta name=\"robots\" content=\"index, follow, max-snippet:-1, max-image-preview:large, max-video-preview:-1\" \/>\n<link rel=\"canonical\" href=\"https:\/\/www.breizhfab.bzh\/une-politique-industrielle-bretonne-renforcee\/\" \/>\n<meta property=\"og:locale\" content=\"fr_FR\" \/>\n<meta property=\"og:type\" content=\"article\" \/>\n<meta property=\"og:title\" content=\"Une politique industrielle bretonne renforc\u00e9e - BREIZH FAB\" \/>\n<meta property=\"og:description\" content=\"La R\u00e9gion installe le comit\u00e9 de pilotage de la Bretagne industrielle Lo\u00efg Chesnais-Girard, Pr\u00e9sident de la R\u00e9gion Bretagne, en pr\u00e9sence de Mich\u00e8le Kirry, Pr\u00e9f\u00e8te de la r\u00e9gion Bretagne, a r\u00e9uni ce mardi 2 juillet 2019, \u00e0 Pontivy, les \u00e9lus des 59 intercommunalit\u00e9s bretonnes pour leur pr\u00e9senter\u00a0 la mise en \u0153uvre d\u2019une politique industrielle r\u00e9gionale renforc\u00e9e, [&hellip;]\" \/>\n<meta property=\"og:url\" content=\"https:\/\/www.breizhfab.bzh\/une-politique-industrielle-bretonne-renforcee\/\" \/>\n<meta property=\"og:site_name\" content=\"BREIZH FAB\" \/>\n<meta property=\"article:published_time\" content=\"2019-07-04T08:35:52+00:00\" \/>\n<meta property=\"article:modified_time\" content=\"2019-07-05T13:09:47+00:00\" \/>\n<meta property=\"og:image\" content=\"https:\/\/www.breizhfab.bzh\/voy_content\/uploads\/2019\/07\/Bretagne-industrie-01.jpg\" \/>\n\t<meta property=\"og:image:width\" content=\"2145\" \/>\n\t<meta property=\"og:image:height\" content=\"1600\" \/>\n\t<meta property=\"og:image:type\" content=\"image\/jpeg\" \/>\n<meta name=\"author\" content=\"Sylvain Gourlaouen\" \/>\n<meta name=\"twitter:card\" content=\"summary_large_image\" \/>\n<meta name=\"twitter:label1\" content=\"\u00c9crit par\" \/>\n\t<meta name=\"twitter:data1\" content=\"Sylvain Gourlaouen\" \/>\n\t<meta name=\"twitter:label2\" content=\"Dur\u00e9e de lecture estim\u00e9e\" \/>\n\t<meta name=\"twitter:data2\" content=\"2 minutes\" \/>\n<script type=\"application\/ld+json\" class=\"yoast-schema-graph\">{\"@context\":\"https:\/\/schema.org\",\"@graph\":[{\"@type\":\"Article\",\"@id\":\"https:\/\/www.breizhfab.bzh\/une-politique-industrielle-bretonne-renforcee\/#article\",\"isPartOf\":{\"@id\":\"https:\/\/www.breizhfab.bzh\/une-politique-industrielle-bretonne-renforcee\/\"},\"author\":{\"name\":\"Sylvain Gourlaouen\",\"@id\":\"https:\/\/www.breizhfab.bzh\/#\/schema\/person\/17b058e480c959dccf51797b28fc0ce5\"},\"headline\":\"Une politique industrielle bretonne renforc\u00e9e\",\"datePublished\":\"2019-07-04T08:35:52+00:00\",\"dateModified\":\"2019-07-05T13:09:47+00:00\",\"mainEntityOfPage\":{\"@id\":\"https:\/\/www.breizhfab.bzh\/une-politique-industrielle-bretonne-renforcee\/\"},\"wordCount\":312,\"commentCount\":0,\"image\":{\"@id\":\"https:\/\/www.breizhfab.bzh\/une-politique-industrielle-bretonne-renforcee\/#primaryimage\"},\"thumbnailUrl\":\"https:\/\/www.breizhfab.bzh\/voy_content\/uploads\/2019\/07\/Bretagne-industrie-01.jpg\",\"keywords\":[\"aides\",\"breizhfab\",\"bretagne\",\"conseil\",\"entreprise\",\"industrie\",\"industriel\",\"innovation\",\"modernisation\",\"pme\",\"territoires\"],\"articleSection\":[\"Actualite\"],\"inLanguage\":\"fr-FR\",\"potentialAction\":[{\"@type\":\"CommentAction\",\"name\":\"Comment\",\"target\":[\"https:\/\/www.breizhfab.bzh\/une-politique-industrielle-bretonne-renforcee\/#respond\"]}]},{\"@type\":\"WebPage\",\"@id\":\"https:\/\/www.breizhfab.bzh\/une-politique-industrielle-bretonne-renforcee\/\",\"url\":\"https:\/\/www.breizhfab.bzh\/une-politique-industrielle-bretonne-renforcee\/\",\"name\":\"Une politique industrielle bretonne renforc\u00e9e - BREIZH FAB\",\"isPartOf\":{\"@id\":\"https:\/\/www.breizhfab.bzh\/#website\"},\"primaryImageOfPage\":{\"@id\":\"https:\/\/www.breizhfab.bzh\/une-politique-industrielle-bretonne-renforcee\/#primaryimage\"},\"image\":{\"@id\":\"https:\/\/www.breizhfab.bzh\/une-politique-industrielle-bretonne-renforcee\/#primaryimage\"},\"thumbnailUrl\":\"https:\/\/www.breizhfab.bzh\/voy_content\/uploads\/2019\/07\/Bretagne-industrie-01.jpg\",\"datePublished\":\"2019-07-04T08:35:52+00:00\",\"dateModified\":\"2019-07-05T13:09:47+00:00\",\"author\":{\"@id\":\"https:\/\/www.breizhfab.bzh\/#\/schema\/person\/17b058e480c959dccf51797b28fc0ce5\"},\"breadcrumb\":{\"@id\":\"https:\/\/www.breizhfab.bzh\/une-politique-industrielle-bretonne-renforcee\/#breadcrumb\"},\"inLanguage\":\"fr-FR\",\"potentialAction\":[{\"@type\":\"ReadAction\",\"target\":[\"https:\/\/www.breizhfab.bzh\/une-politique-industrielle-bretonne-renforcee\/\"]}]},{\"@type\":\"ImageObject\",\"inLanguage\":\"fr-FR\",\"@id\":\"https:\/\/www.breizhfab.bzh\/une-politique-industrielle-bretonne-renforcee\/#primaryimage\",\"url\":\"https:\/\/www.breizhfab.bzh\/voy_content\/uploads\/2019\/07\/Bretagne-industrie-01.jpg\",\"contentUrl\":\"https:\/\/www.breizhfab.bzh\/voy_content\/uploads\/2019\/07\/Bretagne-industrie-01.jpg\",\"width\":2145,\"height\":1600,\"caption\":\"Bretagne industrie-01\"},{\"@type\":\"BreadcrumbList\",\"@id\":\"https:\/\/www.breizhfab.bzh\/une-politique-industrielle-bretonne-renforcee\/#breadcrumb\",\"itemListElement\":[{\"@type\":\"ListItem\",\"position\":1,\"name\":\"Accueil\",\"item\":\"https:\/\/www.breizhfab.bzh\/\"},{\"@type\":\"ListItem\",\"position\":2,\"name\":\"Une politique industrielle bretonne renforc\u00e9e\"}]},{\"@type\":\"WebSite\",\"@id\":\"https:\/\/www.breizhfab.bzh\/#website\",\"url\":\"https:\/\/www.breizhfab.bzh\/\",\"name\":\"BREIZH FAB\",\"description\":\"Just another WordPress site\",\"potentialAction\":[{\"@type\":\"SearchAction\",\"target\":{\"@type\":\"EntryPoint\",\"urlTemplate\":\"https:\/\/www.breizhfab.bzh\/?s={search_term_string}\"},\"query-input\":{\"@type\":\"PropertyValueSpecification\",\"valueRequired\":true,\"valueName\":\"search_term_string\"}}],\"inLanguage\":\"fr-FR\"},{\"@type\":\"Person\",\"@id\":\"https:\/\/www.breizhfab.bzh\/#\/schema\/person\/17b058e480c959dccf51797b28fc0ce5\",\"name\":\"Sylvain Gourlaouen\",\"image\":{\"@type\":\"ImageObject\",\"inLanguage\":\"fr-FR\",\"@id\":\"https:\/\/www.breizhfab.bzh\/#\/schema\/person\/image\/\",\"url\":\"https:\/\/secure.gravatar.com\/avatar\/ed4dda3f3f4a603eee9c5b9a0ac459b3e6448e5f7daa45ccbc2a3459728c39f2?s=96&d=mm&r=g\",\"contentUrl\":\"https:\/\/secure.gravatar.com\/avatar\/ed4dda3f3f4a603eee9c5b9a0ac459b3e6448e5f7daa45ccbc2a3459728c39f2?s=96&d=mm&r=g\",\"caption\":\"Sylvain Gourlaouen\"},\"url\":\"https:\/\/www.breizhfab.bzh\/author\/sylvain-gourlaouen\/\"}]}<\/script>\n<!-- \/ Yoast SEO plugin. -->","yoast_head_json":{"title":"Une politique industrielle bretonne renforc\u00e9e - BREIZH FAB","robots":{"index":"index","follow":"follow","max-snippet":"max-snippet:-1","max-image-preview":"max-image-preview:large","max-video-preview":"max-video-preview:-1"},"canonical":"https:\/\/www.breizhfab.bzh\/une-politique-industrielle-bretonne-renforcee\/","og_locale":"fr_FR","og_type":"article","og_title":"Une politique industrielle bretonne renforc\u00e9e - BREIZH FAB","og_description":"La R\u00e9gion installe le comit\u00e9 de pilotage de la Bretagne industrielle Lo\u00efg Chesnais-Girard, Pr\u00e9sident de la R\u00e9gion Bretagne, en pr\u00e9sence de Mich\u00e8le Kirry, Pr\u00e9f\u00e8te de la r\u00e9gion Bretagne, a r\u00e9uni ce mardi 2 juillet 2019, \u00e0 Pontivy, les \u00e9lus des 59 intercommunalit\u00e9s bretonnes pour leur pr\u00e9senter\u00a0 la mise en \u0153uvre d\u2019une politique industrielle r\u00e9gionale renforc\u00e9e, [&hellip;]","og_url":"https:\/\/www.breizhfab.bzh\/une-politique-industrielle-bretonne-renforcee\/","og_site_name":"BREIZH FAB","article_published_time":"2019-07-04T08:35:52+00:00","article_modified_time":"2019-07-05T13:09:47+00:00","og_image":[{"width":2145,"height":1600,"url":"https:\/\/www.breizhfab.bzh\/voy_content\/uploads\/2019\/07\/Bretagne-industrie-01.jpg","type":"image\/jpeg"}],"author":"Sylvain Gourlaouen","twitter_card":"summary_large_image","twitter_misc":{"\u00c9crit par":"Sylvain Gourlaouen","Dur\u00e9e de lecture estim\u00e9e":"2 minutes"},"schema":{"@context":"https:\/\/schema.org","@graph":[{"@type":"Article","@id":"https:\/\/www.breizhfab.bzh\/une-politique-industrielle-bretonne-renforcee\/#article","isPartOf":{"@id":"https:\/\/www.breizhfab.bzh\/une-politique-industrielle-bretonne-renforcee\/"},"author":{"name":"Sylvain Gourlaouen","@id":"https:\/\/www.breizhfab.bzh\/#\/schema\/person\/17b058e480c959dccf51797b28fc0ce5"},"headline":"Une politique industrielle bretonne renforc\u00e9e","datePublished":"2019-07-04T08:35:52+00:00","dateModified":"2019-07-05T13:09:47+00:00","mainEntityOfPage":{"@id":"https:\/\/www.breizhfab.bzh\/une-politique-industrielle-bretonne-renforcee\/"},"wordCount":312,"commentCount":0,"image":{"@id":"https:\/\/www.breizhfab.bzh\/une-politique-industrielle-bretonne-renforcee\/#primaryimage"},"thumbnailUrl":"https:\/\/www.breizhfab.bzh\/voy_content\/uploads\/2019\/07\/Bretagne-industrie-01.jpg","keywords":["aides","breizhfab","bretagne","conseil","entreprise","industrie","industriel","innovation","modernisation","pme","territoires"],"articleSection":["Actualite"],"inLanguage":"fr-FR","potentialAction":[{"@type":"CommentAction","name":"Comment","target":["https:\/\/www.breizhfab.bzh\/une-politique-industrielle-bretonne-renforcee\/#respond"]}]},{"@type":"WebPage","@id":"https:\/\/www.breizhfab.bzh\/une-politique-industrielle-bretonne-renforcee\/","url":"https:\/\/www.breizhfab.bzh\/une-politique-industrielle-bretonne-renforcee\/","name":"Une politique industrielle bretonne renforc\u00e9e - BREIZH FAB","isPartOf":{"@id":"https:\/\/www.breizhfab.bzh\/#website"},"primaryImageOfPage":{"@id":"https:\/\/www.breizhfab.bzh\/une-politique-industrielle-bretonne-renforcee\/#primaryimage"},"image":{"@id":"https:\/\/www.breizhfab.bzh\/une-politique-industrielle-bretonne-renforcee\/#primaryimage"},"thumbnailUrl":"https:\/\/www.breizhfab.bzh\/voy_content\/uploads\/2019\/07\/Bretagne-industrie-01.jpg","datePublished":"2019-07-04T08:35:52+00:00","dateModified":"2019-07-05T13:09:47+00:00","author":{"@id":"https:\/\/www.breizhfab.bzh\/#\/schema\/person\/17b058e480c959dccf51797b28fc0ce5"},"breadcrumb":{"@id":"https:\/\/www.breizhfab.bzh\/une-politique-industrielle-bretonne-renforcee\/#breadcrumb"},"inLanguage":"fr-FR","potentialAction":[{"@type":"ReadAction","target":["https:\/\/www.breizhfab.bzh\/une-politique-industrielle-bretonne-renforcee\/"]}]},{"@type":"ImageObject","inLanguage":"fr-FR","@id":"https:\/\/www.breizhfab.bzh\/une-politique-industrielle-bretonne-renforcee\/#primaryimage","url":"https:\/\/www.breizhfab.bzh\/voy_content\/uploads\/2019\/07\/Bretagne-industrie-01.jpg","contentUrl":"https:\/\/www.breizhfab.bzh\/voy_content\/uploads\/2019\/07\/Bretagne-industrie-01.jpg","width":2145,"height":1600,"caption":"Bretagne industrie-01"},{"@type":"BreadcrumbList","@id":"https:\/\/www.breizhfab.bzh\/une-politique-industrielle-bretonne-renforcee\/#breadcrumb","itemListElement":[{"@type":"ListItem","position":1,"name":"Accueil","item":"https:\/\/www.breizhfab.bzh\/"},{"@type":"ListItem","position":2,"name":"Une politique industrielle bretonne renforc\u00e9e"}]},{"@type":"WebSite","@id":"https:\/\/www.breizhfab.bzh\/#website","url":"https:\/\/www.breizhfab.bzh\/","name":"BREIZH FAB","description":"Just another WordPress site","potentialAction":[{"@type":"SearchAction","target":{"@type":"EntryPoint","urlTemplate":"https:\/\/www.breizhfab.bzh\/?s={search_term_string}"},"query-input":{"@type":"PropertyValueSpecification","valueRequired":true,"valueName":"search_term_string"}}],"inLanguage":"fr-FR"},{"@type":"Person","@id":"https:\/\/www.breizhfab.bzh\/#\/schema\/person\/17b058e480c959dccf51797b28fc0ce5","name":"Sylvain Gourlaouen","image":{"@type":"ImageObject","inLanguage":"fr-FR","@id":"https:\/\/www.breizhfab.bzh\/#\/schema\/person\/image\/","url":"https:\/\/secure.gravatar.com\/avatar\/ed4dda3f3f4a603eee9c5b9a0ac459b3e6448e5f7daa45ccbc2a3459728c39f2?s=96&d=mm&r=g","contentUrl":"https:\/\/secure.gravatar.com\/avatar\/ed4dda3f3f4a603eee9c5b9a0ac459b3e6448e5f7daa45ccbc2a3459728c39f2?s=96&d=mm&r=g","caption":"Sylvain Gourlaouen"},"url":"https:\/\/www.breizhfab.bzh\/author\/sylvain-gourlaouen\/"}]}},"_links":{"self":[{"href":"https:\/\/www.breizhfab.bzh\/voy_api\/wp\/v2\/posts\/3397","targetHints":{"allow":["GET"]}}],"collection":[{"href":"https:\/\/www.breizhfab.bzh\/voy_api\/wp\/v2\/posts"}],"about":[{"href":"https:\/\/www.breizhfab.bzh\/voy_api\/wp\/v2\/types\/post"}],"author":[{"embeddable":true,"href":"https:\/\/www.breizhfab.bzh\/voy_api\/wp\/v2\/users\/9"}],"replies":[{"embeddable":true,"href":"https:\/\/www.breizhfab.bzh\/voy_api\/wp\/v2\/comments?post=3397"}],"version-history":[{"count":14,"href":"https:\/\/www.breizhfab.bzh\/voy_api\/wp\/v2\/posts\/3397\/revisions"}],"predecessor-version":[{"id":3443,"href":"https:\/\/www.breizhfab.bzh\/voy_api\/wp\/v2\/posts\/3397\/revisions\/3443"}],"wp:featuredmedia":[{"embeddable":true,"href":"https:\/\/www.breizhfab.bzh\/voy_api\/wp\/v2\/media\/3403"}],"wp:attachment":[{"href":"https:\/\/www.breizhfab.bzh\/voy_api\/wp\/v2\/media?parent=3397"}],"wp:term":[{"taxonomy":"category","embeddable":true,"href":"https:\/\/www.breizhfab.bzh\/voy_api\/wp\/v2\/categories?post=3397"},{"taxonomy":"post_tag","embeddable":true,"href":"https:\/\/www.breizhfab.bzh\/voy_api\/wp\/v2\/tags?post=3397"}],"curies":[{"name":"wp","href":"https:\/\/api.w.org\/{rel}","templated":true}]}}