{"id":13498,"date":"2025-07-21T14:42:37","date_gmt":"2025-07-21T14:42:37","guid":{"rendered":"https:\/\/www.breizhfab.bzh\/?p=13498"},"modified":"2025-07-21T14:47:34","modified_gmt":"2025-07-21T14:47:34","slug":"10-ans-de-lopen-de-lindustrie-le-7-oct-2025","status":"publish","type":"post","link":"https:\/\/www.breizhfab.bzh\/10-ans-de-lopen-de-lindustrie-le-7-oct-2025\/","title":{"rendered":"10 ans de l&rsquo;Open de l&rsquo;Industrie : le 7 oct 2025"},"content":{"rendered":"<h3><img decoding=\"async\" class=\"alignnone wp-image-13492 size-large\" src=\"https:\/\/www.breizhfab.bzh\/voy_content\/uploads\/2024\/11\/banniere-web-Open-Industrie-1472-x-776-1024x611.png\" alt=\"\" width=\"1024\" height=\"611\" srcset=\"https:\/\/www.breizhfab.bzh\/voy_content\/uploads\/2024\/11\/banniere-web-Open-Industrie-1472-x-776-1024x611.png 1024w, https:\/\/www.breizhfab.bzh\/voy_content\/uploads\/2024\/11\/banniere-web-Open-Industrie-1472-x-776-300x179.png 300w, https:\/\/www.breizhfab.bzh\/voy_content\/uploads\/2024\/11\/banniere-web-Open-Industrie-1472-x-776-768x458.png 768w, https:\/\/www.breizhfab.bzh\/voy_content\/uploads\/2024\/11\/banniere-web-Open-Industrie-1472-x-776-1536x916.png 1536w, https:\/\/www.breizhfab.bzh\/voy_content\/uploads\/2024\/11\/banniere-web-Open-Industrie-1472-x-776-2048x1222.png 2048w, https:\/\/www.breizhfab.bzh\/voy_content\/uploads\/2024\/11\/banniere-web-Open-Industrie-1472-x-776-60x36.png 60w, https:\/\/www.breizhfab.bzh\/voy_content\/uploads\/2024\/11\/banniere-web-Open-Industrie-1472-x-776-100x60.png 100w, https:\/\/www.breizhfab.bzh\/voy_content\/uploads\/2024\/11\/banniere-web-Open-Industrie-1472-x-776-120x72.png 120w, https:\/\/www.breizhfab.bzh\/voy_content\/uploads\/2024\/11\/banniere-web-Open-Industrie-1472-x-776-150x90.png 150w, https:\/\/www.breizhfab.bzh\/voy_content\/uploads\/2024\/11\/banniere-web-Open-Industrie-1472-x-776-190x113.png 190w\" sizes=\"(max-width: 1024px) 100vw, 1024px\" \/><\/h3>\n<h3><strong>10 ans de l&rsquo;Open de l&rsquo;Industrie, ce RDV devenu incontournable pour les industriels bretons !<\/strong><\/h3>\n<h4>Chaque ann\u00e9e, cette journ\u00e9e permet aux acteurs de l&rsquo;industrie de :<\/h4>\n<ul>\n<li><strong>D\u00e9velopper du business de proximit\u00e9<\/strong>\u00a0(rendez-vous B2B entre industriels)<\/li>\n<li><strong>S\u2019informer<\/strong>\u00a0<strong>et partager<\/strong> autour de la transformation de leurs entreprises<\/li>\n<li><strong>Cr\u00e9er<\/strong>\u00a0du lien et f\u00e9d\u00e9rer la communaut\u00e9 industrielle Breizh Fab<\/li>\n<\/ul>\n<h4><strong>Une journ\u00e9e qui promet d&rsquo;\u00eatre haute en couleur et riche en \u00e9changes pour cette 10e \u00e9dition !<\/strong><\/h4>\n<p>&nbsp;<\/p>\n<p><a href=\"https:\/\/www.openindustrie.bzh\/\"><img decoding=\"async\" class=\"wp-image-13494 size-medium aligncenter\" src=\"https:\/\/www.breizhfab.bzh\/voy_content\/uploads\/2024\/11\/Bouton-inscription-300x110.png\" alt=\"\" width=\"300\" height=\"110\" srcset=\"https:\/\/www.breizhfab.bzh\/voy_content\/uploads\/2024\/11\/Bouton-inscription-300x110.png 300w, https:\/\/www.breizhfab.bzh\/voy_content\/uploads\/2024\/11\/Bouton-inscription-1024x375.png 1024w, https:\/\/www.breizhfab.bzh\/voy_content\/uploads\/2024\/11\/Bouton-inscription-768x281.png 768w, https:\/\/www.breizhfab.bzh\/voy_content\/uploads\/2024\/11\/Bouton-inscription-1536x563.png 1536w, https:\/\/www.breizhfab.bzh\/voy_content\/uploads\/2024\/11\/Bouton-inscription-60x22.png 60w, https:\/\/www.breizhfab.bzh\/voy_content\/uploads\/2024\/11\/Bouton-inscription-100x37.png 100w, https:\/\/www.breizhfab.bzh\/voy_content\/uploads\/2024\/11\/Bouton-inscription-120x44.png 120w, https:\/\/www.breizhfab.bzh\/voy_content\/uploads\/2024\/11\/Bouton-inscription-150x55.png 150w, https:\/\/www.breizhfab.bzh\/voy_content\/uploads\/2024\/11\/Bouton-inscription-190x70.png 190w, https:\/\/www.breizhfab.bzh\/voy_content\/uploads\/2024\/11\/Bouton-inscription.png 1697w\" sizes=\"(max-width: 300px) 100vw, 300px\" \/><\/a><\/p>\n<p>&nbsp;<\/p>\n<p><img decoding=\"async\" class=\"alignnone wp-image-13496 size-large\" src=\"https:\/\/www.breizhfab.bzh\/voy_content\/uploads\/2024\/11\/Bandeau-forms-2-1024x403.jpg\" alt=\"\" width=\"1024\" height=\"403\" srcset=\"https:\/\/www.breizhfab.bzh\/voy_content\/uploads\/2024\/11\/Bandeau-forms-2-1024x403.jpg 1024w, https:\/\/www.breizhfab.bzh\/voy_content\/uploads\/2024\/11\/Bandeau-forms-2-300x118.jpg 300w, https:\/\/www.breizhfab.bzh\/voy_content\/uploads\/2024\/11\/Bandeau-forms-2-768x302.jpg 768w, https:\/\/www.breizhfab.bzh\/voy_content\/uploads\/2024\/11\/Bandeau-forms-2-1536x604.jpg 1536w, https:\/\/www.breizhfab.bzh\/voy_content\/uploads\/2024\/11\/Bandeau-forms-2-2048x806.jpg 2048w, https:\/\/www.breizhfab.bzh\/voy_content\/uploads\/2024\/11\/Bandeau-forms-2-60x24.jpg 60w, https:\/\/www.breizhfab.bzh\/voy_content\/uploads\/2024\/11\/Bandeau-forms-2-100x39.jpg 100w, https:\/\/www.breizhfab.bzh\/voy_content\/uploads\/2024\/11\/Bandeau-forms-2-120x47.jpg 120w, https:\/\/www.breizhfab.bzh\/voy_content\/uploads\/2024\/11\/Bandeau-forms-2-150x59.jpg 150w, https:\/\/www.breizhfab.bzh\/voy_content\/uploads\/2024\/11\/Bandeau-forms-2-190x75.jpg 190w, https:\/\/www.breizhfab.bzh\/voy_content\/uploads\/2024\/11\/Bandeau-forms-2-560x220.jpg 560w\" sizes=\"(max-width: 1024px) 100vw, 1024px\" \/><\/p>\n<h4>Vous souhaitez valorisez votre savoir-faire industriel et mettre en avant vos solutions technologiques pour l&rsquo;industrie du futur et\/ou la d\u00e9carbonation ?<\/h4>\n<h3><strong> &gt; Exposez pour les 10 ans de l&rsquo;Open de l&rsquo;Industrie !<\/strong><\/h3>\n<ul>\n<li class=\"Paragraph__StyledParagraph-sc-156wo7x-0 hFLOWo sc-f1bbcab3-2 hfFrbL\">Co\u00fbt de l&rsquo;exposition : 300 \u20ac HT<\/li>\n<li class=\"Paragraph__StyledParagraph-sc-156wo7x-0 hFLOWo sc-f1bbcab3-2 hfFrbL\">R\u00e9servations ouvertes\u00a0<strong>jusqu&rsquo;au 29 ao\u00fbt<\/strong>\u00a0et limit\u00e9es aux 30 premiers inscrits.<\/li>\n<\/ul>\n<p class=\"Paragraph__StyledParagraph-sc-156wo7x-0 hFLOWo sc-f1bbcab3-2 hfFrbL\">&gt; Retrouvez plus de d\u00e9tails en cliquant <a href=\"https:\/\/www.breizhfab.bzh\/voy_content\/uploads\/2025\/07\/Pour-exposer-aux-10-ans-de-lOPEN-INDUSTRIE.pdf\">ICI\u00a0<\/a><br \/>\nSi vous avez besoin de plus d&rsquo;informations, contactez nous \u00e0 l&rsquo;adresse\u00a0<a class=\"A__StyledLink-sc-1v70eeh-0 iXMOJN sc-f1bbcab3-1 hIhYZx\" href=\"mailto:contact@breizhfab.bzh\" target=\"_blank\" rel=\"noopener nofollow\">contact@breizhfab.bzh<\/a><\/p>\n<p><a href=\"https:\/\/forms.office.com\/Pages\/ResponsePage.aspx?id=0BXJUzhqikSPHOkE2RgTK5QCj-zPCqNIoSMISgJ0hGBUREJTOVZWQVFCMFZFOUdYN0w1T1lXOTZQSC4u\"><img decoding=\"async\" class=\"wp-image-13495 size-medium aligncenter\" src=\"https:\/\/www.breizhfab.bzh\/voy_content\/uploads\/2024\/11\/Je-souhaite-reserver-un-stand-BOUTON-300x73.jpg\" alt=\"\" width=\"300\" height=\"73\" srcset=\"https:\/\/www.breizhfab.bzh\/voy_content\/uploads\/2024\/11\/Je-souhaite-reserver-un-stand-BOUTON-300x73.jpg 300w, https:\/\/www.breizhfab.bzh\/voy_content\/uploads\/2024\/11\/Je-souhaite-reserver-un-stand-BOUTON-60x15.jpg 60w, https:\/\/www.breizhfab.bzh\/voy_content\/uploads\/2024\/11\/Je-souhaite-reserver-un-stand-BOUTON-100x24.jpg 100w, https:\/\/www.breizhfab.bzh\/voy_content\/uploads\/2024\/11\/Je-souhaite-reserver-un-stand-BOUTON-120x29.jpg 120w, https:\/\/www.breizhfab.bzh\/voy_content\/uploads\/2024\/11\/Je-souhaite-reserver-un-stand-BOUTON-150x37.jpg 150w, https:\/\/www.breizhfab.bzh\/voy_content\/uploads\/2024\/11\/Je-souhaite-reserver-un-stand-BOUTON-190x46.jpg 190w, https:\/\/www.breizhfab.bzh\/voy_content\/uploads\/2024\/11\/Je-souhaite-reserver-un-stand-BOUTON.jpg 336w\" sizes=\"(max-width: 300px) 100vw, 300px\" \/><\/a><\/p>\n<p>&nbsp;<\/p>\n<p><img decoding=\"async\" class=\"alignnone wp-image-13499 size-full\" src=\"https:\/\/www.breizhfab.bzh\/voy_content\/uploads\/2025\/07\/Sponsor-evenement.jpg\" alt=\"\" width=\"858\" height=\"336\" srcset=\"https:\/\/www.breizhfab.bzh\/voy_content\/uploads\/2025\/07\/Sponsor-evenement.jpg 858w, https:\/\/www.breizhfab.bzh\/voy_content\/uploads\/2025\/07\/Sponsor-evenement-300x117.jpg 300w, https:\/\/www.breizhfab.bzh\/voy_content\/uploads\/2025\/07\/Sponsor-evenement-768x301.jpg 768w, https:\/\/www.breizhfab.bzh\/voy_content\/uploads\/2025\/07\/Sponsor-evenement-60x23.jpg 60w, https:\/\/www.breizhfab.bzh\/voy_content\/uploads\/2025\/07\/Sponsor-evenement-100x39.jpg 100w, https:\/\/www.breizhfab.bzh\/voy_content\/uploads\/2025\/07\/Sponsor-evenement-120x47.jpg 120w, https:\/\/www.breizhfab.bzh\/voy_content\/uploads\/2025\/07\/Sponsor-evenement-150x59.jpg 150w, https:\/\/www.breizhfab.bzh\/voy_content\/uploads\/2025\/07\/Sponsor-evenement-190x74.jpg 190w, https:\/\/www.breizhfab.bzh\/voy_content\/uploads\/2025\/07\/Sponsor-evenement-560x220.jpg 560w\" sizes=\"(max-width: 858px) 100vw, 858px\" \/><\/p>\n","protected":false},"excerpt":{"rendered":"<p>10 ans de l&rsquo;Open de l&rsquo;Industrie, ce RDV devenu incontournable pour les industriels bretons ! Chaque ann\u00e9e, cette journ\u00e9e permet aux acteurs de l&rsquo;industrie de : D\u00e9velopper du business de proximit\u00e9\u00a0(rendez-vous B2B entre industriels) S\u2019informer\u00a0et partager autour de la transformation de leurs entreprises Cr\u00e9er\u00a0du lien et f\u00e9d\u00e9rer la communaut\u00e9 industrielle Breizh Fab Une journ\u00e9e qui [&hellip;]<\/p>\n","protected":false},"author":6,"featured_media":13502,"comment_status":"closed","ping_status":"closed","sticky":false,"template":"","format":"standard","meta":{"_acf_changed":false,"footnotes":""},"categories":[2],"tags":[],"class_list":["post-13498","post","type-post","status-publish","format-standard","has-post-thumbnail","hentry","category-actualite"],"acf":[],"yoast_head":"<!-- This site is optimized with the Yoast SEO plugin v27.0 - https:\/\/yoast.com\/product\/yoast-seo-wordpress\/ -->\n<title>10 ans de l&#039;Open de l&#039;Industrie : le 7 oct 2025 - BREIZH FAB<\/title>\n<meta name=\"robots\" content=\"index, follow, max-snippet:-1, max-image-preview:large, max-video-preview:-1\" \/>\n<link rel=\"canonical\" href=\"https:\/\/www.breizhfab.bzh\/10-ans-de-lopen-de-lindustrie-le-7-oct-2025\/\" \/>\n<meta property=\"og:locale\" content=\"fr_FR\" \/>\n<meta property=\"og:type\" content=\"article\" \/>\n<meta property=\"og:title\" content=\"10 ans de l&#039;Open de l&#039;Industrie : le 7 oct 2025 - BREIZH FAB\" \/>\n<meta property=\"og:description\" content=\"10 ans de l&rsquo;Open de l&rsquo;Industrie, ce RDV devenu incontournable pour les industriels bretons ! Chaque ann\u00e9e, cette journ\u00e9e permet aux acteurs de l&rsquo;industrie de : D\u00e9velopper du business de proximit\u00e9\u00a0(rendez-vous B2B entre industriels) S\u2019informer\u00a0et partager autour de la transformation de leurs entreprises Cr\u00e9er\u00a0du lien et f\u00e9d\u00e9rer la communaut\u00e9 industrielle Breizh Fab Une journ\u00e9e qui [&hellip;]\" \/>\n<meta property=\"og:url\" content=\"https:\/\/www.breizhfab.bzh\/10-ans-de-lopen-de-lindustrie-le-7-oct-2025\/\" \/>\n<meta property=\"og:site_name\" content=\"BREIZH FAB\" \/>\n<meta property=\"article:published_time\" content=\"2025-07-21T14:42:37+00:00\" \/>\n<meta property=\"article:modified_time\" content=\"2025-07-21T14:47:34+00:00\" \/>\n<meta property=\"og:image\" content=\"https:\/\/www.breizhfab.bzh\/voy_content\/uploads\/2025\/07\/vignette-10-ans.jpg\" \/>\n\t<meta property=\"og:image:width\" content=\"647\" \/>\n\t<meta property=\"og:image:height\" content=\"415\" \/>\n\t<meta property=\"og:image:type\" content=\"image\/jpeg\" \/>\n<meta name=\"author\" content=\"Nolwenn Renault\" \/>\n<meta name=\"twitter:card\" content=\"summary_large_image\" \/>\n<meta name=\"twitter:label1\" content=\"\u00c9crit par\" \/>\n\t<meta name=\"twitter:data1\" content=\"Nolwenn Renault\" \/>\n\t<meta name=\"twitter:label2\" content=\"Dur\u00e9e de lecture estim\u00e9e\" \/>\n\t<meta name=\"twitter:data2\" content=\"2 minutes\" \/>\n<script type=\"application\/ld+json\" class=\"yoast-schema-graph\">{\"@context\":\"https:\/\/schema.org\",\"@graph\":[{\"@type\":\"Article\",\"@id\":\"https:\/\/www.breizhfab.bzh\/10-ans-de-lopen-de-lindustrie-le-7-oct-2025\/#article\",\"isPartOf\":{\"@id\":\"https:\/\/www.breizhfab.bzh\/10-ans-de-lopen-de-lindustrie-le-7-oct-2025\/\"},\"author\":{\"name\":\"Nolwenn Renault\",\"@id\":\"https:\/\/www.breizhfab.bzh\/#\/schema\/person\/b036865dcc0a74ba04ccdb6d1079d36a\"},\"headline\":\"10 ans de l&rsquo;Open de l&rsquo;Industrie : le 7 oct 2025\",\"datePublished\":\"2025-07-21T14:42:37+00:00\",\"dateModified\":\"2025-07-21T14:47:34+00:00\",\"mainEntityOfPage\":{\"@id\":\"https:\/\/www.breizhfab.bzh\/10-ans-de-lopen-de-lindustrie-le-7-oct-2025\/\"},\"wordCount\":158,\"image\":{\"@id\":\"https:\/\/www.breizhfab.bzh\/10-ans-de-lopen-de-lindustrie-le-7-oct-2025\/#primaryimage\"},\"thumbnailUrl\":\"https:\/\/www.breizhfab.bzh\/voy_content\/uploads\/2025\/07\/vignette-10-ans.jpg\",\"articleSection\":[\"Actualite\"],\"inLanguage\":\"fr-FR\"},{\"@type\":\"WebPage\",\"@id\":\"https:\/\/www.breizhfab.bzh\/10-ans-de-lopen-de-lindustrie-le-7-oct-2025\/\",\"url\":\"https:\/\/www.breizhfab.bzh\/10-ans-de-lopen-de-lindustrie-le-7-oct-2025\/\",\"name\":\"10 ans de l'Open de l'Industrie : le 7 oct 2025 - BREIZH FAB\",\"isPartOf\":{\"@id\":\"https:\/\/www.breizhfab.bzh\/#website\"},\"primaryImageOfPage\":{\"@id\":\"https:\/\/www.breizhfab.bzh\/10-ans-de-lopen-de-lindustrie-le-7-oct-2025\/#primaryimage\"},\"image\":{\"@id\":\"https:\/\/www.breizhfab.bzh\/10-ans-de-lopen-de-lindustrie-le-7-oct-2025\/#primaryimage\"},\"thumbnailUrl\":\"https:\/\/www.breizhfab.bzh\/voy_content\/uploads\/2025\/07\/vignette-10-ans.jpg\",\"datePublished\":\"2025-07-21T14:42:37+00:00\",\"dateModified\":\"2025-07-21T14:47:34+00:00\",\"author\":{\"@id\":\"https:\/\/www.breizhfab.bzh\/#\/schema\/person\/b036865dcc0a74ba04ccdb6d1079d36a\"},\"breadcrumb\":{\"@id\":\"https:\/\/www.breizhfab.bzh\/10-ans-de-lopen-de-lindustrie-le-7-oct-2025\/#breadcrumb\"},\"inLanguage\":\"fr-FR\",\"potentialAction\":[{\"@type\":\"ReadAction\",\"target\":[\"https:\/\/www.breizhfab.bzh\/10-ans-de-lopen-de-lindustrie-le-7-oct-2025\/\"]}]},{\"@type\":\"ImageObject\",\"inLanguage\":\"fr-FR\",\"@id\":\"https:\/\/www.breizhfab.bzh\/10-ans-de-lopen-de-lindustrie-le-7-oct-2025\/#primaryimage\",\"url\":\"https:\/\/www.breizhfab.bzh\/voy_content\/uploads\/2025\/07\/vignette-10-ans.jpg\",\"contentUrl\":\"https:\/\/www.breizhfab.bzh\/voy_content\/uploads\/2025\/07\/vignette-10-ans.jpg\",\"width\":647,\"height\":415},{\"@type\":\"BreadcrumbList\",\"@id\":\"https:\/\/www.breizhfab.bzh\/10-ans-de-lopen-de-lindustrie-le-7-oct-2025\/#breadcrumb\",\"itemListElement\":[{\"@type\":\"ListItem\",\"position\":1,\"name\":\"Accueil\",\"item\":\"https:\/\/www.breizhfab.bzh\/\"},{\"@type\":\"ListItem\",\"position\":2,\"name\":\"10 ans de l&rsquo;Open de l&rsquo;Industrie : le 7 oct 2025\"}]},{\"@type\":\"WebSite\",\"@id\":\"https:\/\/www.breizhfab.bzh\/#website\",\"url\":\"https:\/\/www.breizhfab.bzh\/\",\"name\":\"BREIZH FAB\",\"description\":\"Just another WordPress site\",\"potentialAction\":[{\"@type\":\"SearchAction\",\"target\":{\"@type\":\"EntryPoint\",\"urlTemplate\":\"https:\/\/www.breizhfab.bzh\/?s={search_term_string}\"},\"query-input\":{\"@type\":\"PropertyValueSpecification\",\"valueRequired\":true,\"valueName\":\"search_term_string\"}}],\"inLanguage\":\"fr-FR\"},{\"@type\":\"Person\",\"@id\":\"https:\/\/www.breizhfab.bzh\/#\/schema\/person\/b036865dcc0a74ba04ccdb6d1079d36a\",\"name\":\"Nolwenn Renault\",\"image\":{\"@type\":\"ImageObject\",\"inLanguage\":\"fr-FR\",\"@id\":\"https:\/\/www.breizhfab.bzh\/#\/schema\/person\/image\/\",\"url\":\"https:\/\/secure.gravatar.com\/avatar\/6e1696df5b63c3643a5c51be21e8b1f2dc43c8973ce267a8cd02162591a6003e?s=96&d=mm&r=g\",\"contentUrl\":\"https:\/\/secure.gravatar.com\/avatar\/6e1696df5b63c3643a5c51be21e8b1f2dc43c8973ce267a8cd02162591a6003e?s=96&d=mm&r=g\",\"caption\":\"Nolwenn Renault\"},\"url\":\"https:\/\/www.breizhfab.bzh\/author\/nolwenn-renaultbretagne-competitivite-fr\/\"}]}<\/script>\n<!-- \/ Yoast SEO plugin. -->","yoast_head_json":{"title":"10 ans de l'Open de l'Industrie : le 7 oct 2025 - BREIZH FAB","robots":{"index":"index","follow":"follow","max-snippet":"max-snippet:-1","max-image-preview":"max-image-preview:large","max-video-preview":"max-video-preview:-1"},"canonical":"https:\/\/www.breizhfab.bzh\/10-ans-de-lopen-de-lindustrie-le-7-oct-2025\/","og_locale":"fr_FR","og_type":"article","og_title":"10 ans de l'Open de l'Industrie : le 7 oct 2025 - BREIZH FAB","og_description":"10 ans de l&rsquo;Open de l&rsquo;Industrie, ce RDV devenu incontournable pour les industriels bretons ! Chaque ann\u00e9e, cette journ\u00e9e permet aux acteurs de l&rsquo;industrie de : D\u00e9velopper du business de proximit\u00e9\u00a0(rendez-vous B2B entre industriels) S\u2019informer\u00a0et partager autour de la transformation de leurs entreprises Cr\u00e9er\u00a0du lien et f\u00e9d\u00e9rer la communaut\u00e9 industrielle Breizh Fab Une journ\u00e9e qui [&hellip;]","og_url":"https:\/\/www.breizhfab.bzh\/10-ans-de-lopen-de-lindustrie-le-7-oct-2025\/","og_site_name":"BREIZH FAB","article_published_time":"2025-07-21T14:42:37+00:00","article_modified_time":"2025-07-21T14:47:34+00:00","og_image":[{"width":647,"height":415,"url":"https:\/\/www.breizhfab.bzh\/voy_content\/uploads\/2025\/07\/vignette-10-ans.jpg","type":"image\/jpeg"}],"author":"Nolwenn Renault","twitter_card":"summary_large_image","twitter_misc":{"\u00c9crit par":"Nolwenn Renault","Dur\u00e9e de lecture estim\u00e9e":"2 minutes"},"schema":{"@context":"https:\/\/schema.org","@graph":[{"@type":"Article","@id":"https:\/\/www.breizhfab.bzh\/10-ans-de-lopen-de-lindustrie-le-7-oct-2025\/#article","isPartOf":{"@id":"https:\/\/www.breizhfab.bzh\/10-ans-de-lopen-de-lindustrie-le-7-oct-2025\/"},"author":{"name":"Nolwenn Renault","@id":"https:\/\/www.breizhfab.bzh\/#\/schema\/person\/b036865dcc0a74ba04ccdb6d1079d36a"},"headline":"10 ans de l&rsquo;Open de l&rsquo;Industrie : le 7 oct 2025","datePublished":"2025-07-21T14:42:37+00:00","dateModified":"2025-07-21T14:47:34+00:00","mainEntityOfPage":{"@id":"https:\/\/www.breizhfab.bzh\/10-ans-de-lopen-de-lindustrie-le-7-oct-2025\/"},"wordCount":158,"image":{"@id":"https:\/\/www.breizhfab.bzh\/10-ans-de-lopen-de-lindustrie-le-7-oct-2025\/#primaryimage"},"thumbnailUrl":"https:\/\/www.breizhfab.bzh\/voy_content\/uploads\/2025\/07\/vignette-10-ans.jpg","articleSection":["Actualite"],"inLanguage":"fr-FR"},{"@type":"WebPage","@id":"https:\/\/www.breizhfab.bzh\/10-ans-de-lopen-de-lindustrie-le-7-oct-2025\/","url":"https:\/\/www.breizhfab.bzh\/10-ans-de-lopen-de-lindustrie-le-7-oct-2025\/","name":"10 ans de l'Open de l'Industrie : le 7 oct 2025 - BREIZH FAB","isPartOf":{"@id":"https:\/\/www.breizhfab.bzh\/#website"},"primaryImageOfPage":{"@id":"https:\/\/www.breizhfab.bzh\/10-ans-de-lopen-de-lindustrie-le-7-oct-2025\/#primaryimage"},"image":{"@id":"https:\/\/www.breizhfab.bzh\/10-ans-de-lopen-de-lindustrie-le-7-oct-2025\/#primaryimage"},"thumbnailUrl":"https:\/\/www.breizhfab.bzh\/voy_content\/uploads\/2025\/07\/vignette-10-ans.jpg","datePublished":"2025-07-21T14:42:37+00:00","dateModified":"2025-07-21T14:47:34+00:00","author":{"@id":"https:\/\/www.breizhfab.bzh\/#\/schema\/person\/b036865dcc0a74ba04ccdb6d1079d36a"},"breadcrumb":{"@id":"https:\/\/www.breizhfab.bzh\/10-ans-de-lopen-de-lindustrie-le-7-oct-2025\/#breadcrumb"},"inLanguage":"fr-FR","potentialAction":[{"@type":"ReadAction","target":["https:\/\/www.breizhfab.bzh\/10-ans-de-lopen-de-lindustrie-le-7-oct-2025\/"]}]},{"@type":"ImageObject","inLanguage":"fr-FR","@id":"https:\/\/www.breizhfab.bzh\/10-ans-de-lopen-de-lindustrie-le-7-oct-2025\/#primaryimage","url":"https:\/\/www.breizhfab.bzh\/voy_content\/uploads\/2025\/07\/vignette-10-ans.jpg","contentUrl":"https:\/\/www.breizhfab.bzh\/voy_content\/uploads\/2025\/07\/vignette-10-ans.jpg","width":647,"height":415},{"@type":"BreadcrumbList","@id":"https:\/\/www.breizhfab.bzh\/10-ans-de-lopen-de-lindustrie-le-7-oct-2025\/#breadcrumb","itemListElement":[{"@type":"ListItem","position":1,"name":"Accueil","item":"https:\/\/www.breizhfab.bzh\/"},{"@type":"ListItem","position":2,"name":"10 ans de l&rsquo;Open de l&rsquo;Industrie : le 7 oct 2025"}]},{"@type":"WebSite","@id":"https:\/\/www.breizhfab.bzh\/#website","url":"https:\/\/www.breizhfab.bzh\/","name":"BREIZH FAB","description":"Just another WordPress site","potentialAction":[{"@type":"SearchAction","target":{"@type":"EntryPoint","urlTemplate":"https:\/\/www.breizhfab.bzh\/?s={search_term_string}"},"query-input":{"@type":"PropertyValueSpecification","valueRequired":true,"valueName":"search_term_string"}}],"inLanguage":"fr-FR"},{"@type":"Person","@id":"https:\/\/www.breizhfab.bzh\/#\/schema\/person\/b036865dcc0a74ba04ccdb6d1079d36a","name":"Nolwenn Renault","image":{"@type":"ImageObject","inLanguage":"fr-FR","@id":"https:\/\/www.breizhfab.bzh\/#\/schema\/person\/image\/","url":"https:\/\/secure.gravatar.com\/avatar\/6e1696df5b63c3643a5c51be21e8b1f2dc43c8973ce267a8cd02162591a6003e?s=96&d=mm&r=g","contentUrl":"https:\/\/secure.gravatar.com\/avatar\/6e1696df5b63c3643a5c51be21e8b1f2dc43c8973ce267a8cd02162591a6003e?s=96&d=mm&r=g","caption":"Nolwenn Renault"},"url":"https:\/\/www.breizhfab.bzh\/author\/nolwenn-renaultbretagne-competitivite-fr\/"}]}},"_links":{"self":[{"href":"https:\/\/www.breizhfab.bzh\/voy_api\/wp\/v2\/posts\/13498","targetHints":{"allow":["GET"]}}],"collection":[{"href":"https:\/\/www.breizhfab.bzh\/voy_api\/wp\/v2\/posts"}],"about":[{"href":"https:\/\/www.breizhfab.bzh\/voy_api\/wp\/v2\/types\/post"}],"author":[{"embeddable":true,"href":"https:\/\/www.breizhfab.bzh\/voy_api\/wp\/v2\/users\/6"}],"replies":[{"embeddable":true,"href":"https:\/\/www.breizhfab.bzh\/voy_api\/wp\/v2\/comments?post=13498"}],"version-history":[{"count":2,"href":"https:\/\/www.breizhfab.bzh\/voy_api\/wp\/v2\/posts\/13498\/revisions"}],"predecessor-version":[{"id":13501,"href":"https:\/\/www.breizhfab.bzh\/voy_api\/wp\/v2\/posts\/13498\/revisions\/13501"}],"wp:featuredmedia":[{"embeddable":true,"href":"https:\/\/www.breizhfab.bzh\/voy_api\/wp\/v2\/media\/13502"}],"wp:attachment":[{"href":"https:\/\/www.breizhfab.bzh\/voy_api\/wp\/v2\/media?parent=13498"}],"wp:term":[{"taxonomy":"category","embeddable":true,"href":"https:\/\/www.breizhfab.bzh\/voy_api\/wp\/v2\/categories?post=13498"},{"taxonomy":"post_tag","embeddable":true,"href":"https:\/\/www.breizhfab.bzh\/voy_api\/wp\/v2\/tags?post=13498"}],"curies":[{"name":"wp","href":"https:\/\/api.w.org\/{rel}","templated":true}]}}